{"id":867,"date":"2010-04-26T00:17:00","date_gmt":"2010-04-26T00:17:00","guid":{"rendered":"http:\/\/www.toque-musicall.com\/?p=867"},"modified":"2010-04-26T00:17:00","modified_gmt":"2010-04-26T00:17:00","slug":"nazareno-pena-banca-um-sorriso-e-tudo-bem-1975","status":"publish","type":"post","link":"https:\/\/www.toque-musicall.com\/?p=867","title":{"rendered":"Nazareno &#038; Pena Banca &#8211; Um Sorriso E Tudo Bem (1975)"},"content":{"rendered":"<p><a href=\"http:\/\/2.bp.blogspot.com\/_DSKVEvHtskc\/S9Tc6XiefUI\/AAAAAAAAGc4\/UrOkSyDLk0s\/s1600\/nazareno+e+pena+branca+P.JPG\"><img decoding=\"async\" style=\"TEXT-ALIGN: center; MARGIN: 0px auto 10px; WIDTH: 394px; DISPLAY: block; HEIGHT: 400px; CURSOR: hand\" id=\"BLOGGER_PHOTO_ID_5464235143216397634\" border=\"0\" alt=\"\" src=\"http:\/\/2.bp.blogspot.com\/_DSKVEvHtskc\/S9Tc6XiefUI\/AAAAAAAAGc4\/UrOkSyDLk0s\/s400\/nazareno+e+pena+branca+P.JPG\" \/><\/a>\u00cata dominguinho puxado! Pensei que n\u00e3o chegaria a tempo para a nossa postagem do dia. Hoje eu trabalhei o equivalente a uma semana. Estou exausto, mas vamos l\u00e1&#8230;<br \/>Hoje o nosso encontro \u00e9 com a dupla Nazareno e Pena Branca. Algu\u00e9m se lembra, j\u00e1 ouviu falar&#8230;? Pois \u00e9, antes que passe pela cabe\u00e7a de voc\u00eas a ideia de uma dupla sertaneja, vou logo dizendo que n\u00e3o tem nada a ver. Ali\u00e1s, o Pena Branca aqui \u00e9 outro. Eles est\u00e3o mais para Antonio Carlos e Jocafi ou Tom e Dito. Surgiram como duo justamente numa \u00e9poca onde duplas como essas faziam muito sucesso. E para fazer sucesso como elas, tinham de ser realmente boa. Os dois eram oriundos do Quarteto Teorema. Durante os anos 70 trabalharam em dupla, lan\u00e7ado este \u00e1lbum, &#8220;Um sorriso e tudo bem&#8221;. Acredito que tenham gravado outros discos. Nazareno Vieira, o compositor principal, iniciou a carreira ainda nos anos 50. Sempre fez parte de trios, quartetos e duplas. Muitas de suas m\u00fasicas foram gravadas por nomes como Wilson Simonal, Originais do Samba, Elizeth Cardoso, Em\u00edlio Santiago e outros&#8230;<br \/>Quanto ao disco, posso dizer que \u00e9 um bom trabalho, bem acima da m\u00e9dia. M\u00fasicas boas, arranjos melhores ainda. Tem &#8220;Desencontro&#8221;, m\u00fasica de Chico Buarque de Hollanda e &#8220;Cansei de ser  voc\u00ea&#8221;, um chorinho de Pixinguinha. E tem mais&#8230; confira a\u00ed que eu aqui j\u00e1 estou babando de sono. Boa noite! Zzz&#8230;..<\/p>\n<div align=\"center\">igual a voc\u00ea<\/div>\n<div align=\"center\">um sorriso e tudo bem<\/div>\n<div align=\"center\">mentira de viver em paz<\/div>\n<div align=\"center\">n\u00e3o me acorde para dizer adeus<\/div>\n<div align=\"center\">minha caminhada<\/div>\n<div align=\"center\">amiga<\/div>\n<div align=\"center\">p\u00e3o de cada dia<\/div>\n<div align=\"center\">desencontro<\/div>\n<div align=\"center\">chegamos pra vadiar<\/div>\n<div align=\"center\">cansei de ser voc\u00ea<\/div>\n<div align=\"center\">dia a dia<\/div>\n<div align=\"center\">n\u00e3o se avexe<\/div>\n<div align=\"center\">vai doer<\/div>\n<div align=\"center\"> <\/div>\n<div align=\"center\"> <\/div>\n","protected":false},"excerpt":{"rendered":"<p>\u00cata dominguinho puxado! Pensei que n\u00e3o chegaria a tempo para a nossa postagem do dia. Hoje eu trabalhei o equivalente a uma semana. Estou exausto, mas vamos l\u00e1&#8230;Hoje o nosso encontro \u00e9 com a dupla Nazareno e Pena Branca. Algu\u00e9m &hellip; <a href=\"https:\/\/www.toque-musicall.com\/?p=867\">Continue lendo <span class=\"meta-nav\">&rarr;<\/span><\/a><\/p>\n","protected":false},"author":1,"featured_media":0,"comment_status":"open","ping_status":"closed","sticky":false,"template":"","format":"standard","meta":{"footnotes":""},"categories":[1176],"tags":[],"class_list":["post-867","post","type-post","status-publish","format-standard","hentry","category-nazareno-e-pena-branca"],"_links":{"self":[{"href":"https:\/\/www.toque-musicall.com\/index.php?rest_route=\/wp\/v2\/posts\/867","targetHints":{"allow":["GET"]}}],"collection":[{"href":"https:\/\/www.toque-musicall.com\/index.php?rest_route=\/wp\/v2\/posts"}],"about":[{"href":"https:\/\/www.toque-musicall.com\/index.php?rest_route=\/wp\/v2\/types\/post"}],"author":[{"embeddable":true,"href":"https:\/\/www.toque-musicall.com\/index.php?rest_route=\/wp\/v2\/users\/1"}],"replies":[{"embeddable":true,"href":"https:\/\/www.toque-musicall.com\/index.php?rest_route=%2Fwp%2Fv2%2Fcomments&post=867"}],"version-history":[{"count":0,"href":"https:\/\/www.toque-musicall.com\/index.php?rest_route=\/wp\/v2\/posts\/867\/revisions"}],"wp:attachment":[{"href":"https:\/\/www.toque-musicall.com\/index.php?rest_route=%2Fwp%2Fv2%2Fmedia&parent=867"}],"wp:term":[{"taxonomy":"category","embeddable":true,"href":"https:\/\/www.toque-musicall.com\/index.php?rest_route=%2Fwp%2Fv2%2Fcategories&post=867"},{"taxonomy":"post_tag","embeddable":true,"href":"https:\/\/www.toque-musicall.com\/index.php?rest_route=%2Fwp%2Fv2%2Ftags&post=867"}],"curies":[{"name":"wp","href":"https:\/\/api.w.org\/{rel}","templated":true}]}}