{"id":8675,"date":"2021-08-01T23:06:50","date_gmt":"2021-08-02T02:06:50","guid":{"rendered":"https:\/\/www.toque-musicall.com\/?p=8675"},"modified":"2021-08-01T23:06:50","modified_gmt":"2021-08-02T02:06:50","slug":"zaccarias-e-fats-elpidio-vamos-dancar-1956","status":"publish","type":"post","link":"https:\/\/www.toque-musicall.com\/?p=8675","title":{"rendered":"Zaccarias E Fats Elp\u00eddio &#8211; Vamos Dan\u00e7ar (1956)"},"content":{"rendered":"\n<figure class=\"wp-block-image size-large\"><img decoding=\"async\" src=\"https:\/\/1.bp.blogspot.com\/-AXneepDS9cs\/YQdLf3aIQgI\/AAAAAAAAUMc\/I9GHL3FYHY4yMVlMVs5p8leGE30bB3PPgCLcBGAsYHQ\/w622-h640\/Captura%2Bde%2Btela%2B2021-07-20%2B002759.jpg\" alt=\"\"\/><\/figure>\n\n\n\n<figure class=\"wp-block-image size-large\"><img decoding=\"async\" src=\"https:\/\/1.bp.blogspot.com\/-vXScp8cVfLc\/YQdLf_2C8TI\/AAAAAAAAUMg\/yKxY5QiqTUYald-O0q-4xdDj1EbEw-YGQCLcBGAsYHQ\/w640-h632\/Captura%2Bde%2Btela%2B2021-07-20%2B002844.jpg\" alt=\"\"\/><\/figure>\n\n\n<div class=\"separator\">Boa noite, amigos cultos e ocultos! E aqui partimos para o nosso d\u00e9cimo quinto ano de atividades. Neste m\u00eas de agosto pretendo tamb\u00e9m incluir semanalmente, talvez um ou dois discos internacionais. Vez por outra eu fa\u00e7o algo assim para dar uma diversificada em nossas postagens e evidentemente, procuro trazer algo que tenha a ver com esse nosso universo de antigos, raros, independentes e curiosos.<\/div>\n<div class=\"separator\">Para hoje vamos com este 10 polegadas no qual o destaque s\u00e3o os m\u00fasicos Aristides Zaccarias e &#8216;Fats&#8217; Elp\u00eddio, dois nomes de peso no mundo da m\u00fasica popular brasileira dos anos 50 e que aqui, no Toque Musical, j\u00e1 marcaram presen\u00e7a, em outros discos e postagens. Desta vez temos Zaccarias e &#8216;Fats&#8217; Elp\u00eddio tocando juntos, respectivamente, clarineta e piano, com acompanhamento de orquestra. Neste disco a sele\u00e7\u00e3o musical e totalmente internacional e voltada, como n\u00e3o poderia deixar de ser, para a dan\u00e7a. S\u00e3o temas de sucesso, verdadeiros cl\u00e1ssicos da m\u00fasica popular internacional. Olha a\u00ed, um bom come\u00e7o para um m\u00eas que pretende tocar e cantar tamb\u00e9m em outros idiomas. Vamos ficar ligados&#8230;<\/div>\n<div class=\"separator\">\u00a0<\/div>\n<div class=\"separator\">os pobres de paris<\/div>\n<div class=\"separator\">blue star<\/div>\n<div class=\"separator\">mr wonderful<\/div>\n<div class=\"separator\">only you<\/div>\n<div class=\"separator\">memories are made of this<\/div>\n<div class=\"separator\">the tender trap<\/div>\n<div class=\"separator\">a woman in love<\/div>\n<div class=\"separator\">moritat<\/div>\n<div class=\"separator\">\u00a0<\/div>\n<div class=\"separator\">\u00a0<\/div>\n<div class=\"separator\">.<\/div>\n<div class=\"separator\">\u00a0<\/div>","protected":false},"excerpt":{"rendered":"<p>Boa noite, amigos cultos e ocultos! E aqui partimos para o nosso d\u00e9cimo quinto ano de atividades. Neste m\u00eas de agosto pretendo tamb\u00e9m incluir semanalmente, talvez um ou dois discos internacionais. Vez por outra eu fa\u00e7o algo assim para dar &hellip; <a href=\"https:\/\/www.toque-musicall.com\/?p=8675\">Continue lendo <span class=\"meta-nav\">&rarr;<\/span><\/a><\/p>\n","protected":false},"author":1,"featured_media":0,"comment_status":"closed","ping_status":"closed","sticky":false,"template":"","format":"standard","meta":{"footnotes":""},"categories":[4654,70,4653],"tags":[4655,3061],"class_list":["post-8675","post","type-post","status-publish","format-standard","hentry","category-fats-elpidio-2","category-selo-rca-victor","category-zaccarias","tag-fats-elpidio-3","tag-selo-rca-victor"],"_links":{"self":[{"href":"https:\/\/www.toque-musicall.com\/index.php?rest_route=\/wp\/v2\/posts\/8675","targetHints":{"allow":["GET"]}}],"collection":[{"href":"https:\/\/www.toque-musicall.com\/index.php?rest_route=\/wp\/v2\/posts"}],"about":[{"href":"https:\/\/www.toque-musicall.com\/index.php?rest_route=\/wp\/v2\/types\/post"}],"author":[{"embeddable":true,"href":"https:\/\/www.toque-musicall.com\/index.php?rest_route=\/wp\/v2\/users\/1"}],"replies":[{"embeddable":true,"href":"https:\/\/www.toque-musicall.com\/index.php?rest_route=%2Fwp%2Fv2%2Fcomments&post=8675"}],"version-history":[{"count":1,"href":"https:\/\/www.toque-musicall.com\/index.php?rest_route=\/wp\/v2\/posts\/8675\/revisions"}],"predecessor-version":[{"id":8676,"href":"https:\/\/www.toque-musicall.com\/index.php?rest_route=\/wp\/v2\/posts\/8675\/revisions\/8676"}],"wp:attachment":[{"href":"https:\/\/www.toque-musicall.com\/index.php?rest_route=%2Fwp%2Fv2%2Fmedia&parent=8675"}],"wp:term":[{"taxonomy":"category","embeddable":true,"href":"https:\/\/www.toque-musicall.com\/index.php?rest_route=%2Fwp%2Fv2%2Fcategories&post=8675"},{"taxonomy":"post_tag","embeddable":true,"href":"https:\/\/www.toque-musicall.com\/index.php?rest_route=%2Fwp%2Fv2%2Ftags&post=8675"}],"curies":[{"name":"wp","href":"https:\/\/api.w.org\/{rel}","templated":true}]}}