{"id":8677,"date":"2021-08-02T00:22:00","date_gmt":"2021-08-02T03:22:00","guid":{"rendered":"https:\/\/www.toque-musicall.com\/?p=8677"},"modified":"2021-08-04T00:25:28","modified_gmt":"2021-08-04T03:25:28","slug":"jorge-goulart-primeira-audicao-1958","status":"publish","type":"post","link":"https:\/\/www.toque-musicall.com\/?p=8677","title":{"rendered":"Jorge Goulart &#8211; Primeira Audi\u00e7\u00e3o (1958)"},"content":{"rendered":"\n<figure class=\"wp-block-image size-large\"><img decoding=\"async\" src=\"https:\/\/1.bp.blogspot.com\/-79tEGwMYPNc\/YQoBkU_ZKGI\/AAAAAAAAUMw\/ubZ0CaAMGNgeryNWnh9AMf_29dw2ECjOQCLcBGAsYHQ\/w640-h634\/Captura%2Bde%2Btela%2B2021-07-11%2B075652.jpg\" alt=\"\"\/><\/figure>\n\n\n\n<figure class=\"wp-block-image size-large\"><img decoding=\"async\" src=\"https:\/\/1.bp.blogspot.com\/-SUjpQawLiAA\/YQoBkdweYXI\/AAAAAAAAUMs\/6dlNUUrVz2ox1MYwj-3eQItc3IOQ-IlrgCLcBGAsYHQ\/w640-h626\/Captura%2Bde%2Btela%2B2021-07-11%2B075524.jpg\" alt=\"\"\/><\/figure>\n\n\n<div class=\"separator\">Boa noite, amigos cultos e ocultos! Sem delongas, pois o dia de hoje foi puxado&#8230; Nosso encontro \u00e9 com o cantor Jorge Goulart em seu disco de retorno ao RCA Victor e em seu primeiro lp de 12 polegadas, lan\u00e7ado em 1958. Nesta \u00e9poca o cantor estava no auge do sucesso e este disco ele tem ao seu dispor um repert\u00f3rio at\u00e9 ent\u00e3o exclusivo e no qual se destacam os sambas, os quais ele interpreta de forma magistral. Confiram este lp no GTM, que vale a pena \ud83d\ude09<\/div>\n<div class=\"separator\">\u00a0<\/div>\n<div class=\"separator\">al\u00e9m do c\u00e9u<\/div>\n<div class=\"separator\">ave maria no salgueiro<\/div>\n<div class=\"separator\">as pedras se encontram<\/div>\n<div class=\"separator\">pra que continuar<\/div>\n<div class=\"separator\">h\u00e1 cinco minutos<\/div>\n<div class=\"separator\">chegou o rei bant\u00e9<\/div>\n<div class=\"separator\">palha\u00e7o<\/div>\n<div class=\"separator\">a flor do lodo<\/div>\n<div class=\"separator\">adeus para que<\/div>\n<div class=\"separator\">seja qual for a hora<\/div>\n<div class=\"separator\">suavemente<\/div>\n<div class=\"separator\">intriga<\/div>\n<div class=\"separator\">\u00a0<\/div>\n<div class=\"separator\">\u00a0<\/div>\n<div class=\"separator\">.<\/div>","protected":false},"excerpt":{"rendered":"<p>Boa noite, amigos cultos e ocultos! Sem delongas, pois o dia de hoje foi puxado&#8230; Nosso encontro \u00e9 com o cantor Jorge Goulart em seu disco de retorno ao RCA Victor e em seu primeiro lp de 12 polegadas, lan\u00e7ado &hellip; <a href=\"https:\/\/www.toque-musicall.com\/?p=8677\">Continue lendo <span class=\"meta-nav\">&rarr;<\/span><\/a><\/p>\n","protected":false},"author":1,"featured_media":0,"comment_status":"closed","ping_status":"closed","sticky":false,"template":"","format":"standard","meta":{"footnotes":""},"categories":[84,70],"tags":[4656,3061],"class_list":["post-8677","post","type-post","status-publish","format-standard","hentry","category-jorge-goulart","category-selo-rca-victor","tag-jorge-goulart","tag-selo-rca-victor"],"_links":{"self":[{"href":"https:\/\/www.toque-musicall.com\/index.php?rest_route=\/wp\/v2\/posts\/8677","targetHints":{"allow":["GET"]}}],"collection":[{"href":"https:\/\/www.toque-musicall.com\/index.php?rest_route=\/wp\/v2\/posts"}],"about":[{"href":"https:\/\/www.toque-musicall.com\/index.php?rest_route=\/wp\/v2\/types\/post"}],"author":[{"embeddable":true,"href":"https:\/\/www.toque-musicall.com\/index.php?rest_route=\/wp\/v2\/users\/1"}],"replies":[{"embeddable":true,"href":"https:\/\/www.toque-musicall.com\/index.php?rest_route=%2Fwp%2Fv2%2Fcomments&post=8677"}],"version-history":[{"count":1,"href":"https:\/\/www.toque-musicall.com\/index.php?rest_route=\/wp\/v2\/posts\/8677\/revisions"}],"predecessor-version":[{"id":8678,"href":"https:\/\/www.toque-musicall.com\/index.php?rest_route=\/wp\/v2\/posts\/8677\/revisions\/8678"}],"wp:attachment":[{"href":"https:\/\/www.toque-musicall.com\/index.php?rest_route=%2Fwp%2Fv2%2Fmedia&parent=8677"}],"wp:term":[{"taxonomy":"category","embeddable":true,"href":"https:\/\/www.toque-musicall.com\/index.php?rest_route=%2Fwp%2Fv2%2Fcategories&post=8677"},{"taxonomy":"post_tag","embeddable":true,"href":"https:\/\/www.toque-musicall.com\/index.php?rest_route=%2Fwp%2Fv2%2Ftags&post=8677"}],"curies":[{"name":"wp","href":"https:\/\/api.w.org\/{rel}","templated":true}]}}