{"id":868,"date":"2010-04-24T15:02:00","date_gmt":"2010-04-24T15:02:00","guid":{"rendered":"http:\/\/www.toque-musicall.com\/?p=868"},"modified":"2010-04-24T15:02:00","modified_gmt":"2010-04-24T15:02:00","slug":"sergio-sa-voa-vida-1982","status":"publish","type":"post","link":"https:\/\/www.toque-musicall.com\/?p=868","title":{"rendered":"S\u00e9rgio S\u00e1 &#8211; Voa Vida (1982)"},"content":{"rendered":"<p><a href=\"http:\/\/1.bp.blogspot.com\/_DSKVEvHtskc\/S9MIhNfzRwI\/AAAAAAAAGcs\/I64hhs09TsI\/s1600\/folder.jpg\"><img decoding=\"async\" style=\"TEXT-ALIGN: center; MARGIN: 0px auto 10px; WIDTH: 400px; DISPLAY: block; HEIGHT: 400px; CURSOR: hand\" id=\"BLOGGER_PHOTO_ID_5463720139582293762\" border=\"0\" alt=\"\" src=\"http:\/\/1.bp.blogspot.com\/_DSKVEvHtskc\/S9MIhNfzRwI\/AAAAAAAAGcs\/I64hhs09TsI\/s400\/folder.jpg\" \/><\/a> Ol\u00e1 amigos cultos e ocultos! Nosso encontro hoje \u00e9 com o cearense paulista S\u00e9rgio S\u00e1, um artista que tem andado sumido, pelo menos para mim. J\u00e1 faz um tempo que n\u00e3o escuto falar dele, mas sei que continua muito atuante, inclusive como escritor. S\u00e9rgio veio para S\u00e3o Paulo ainda na adolesc\u00eancia. Cego de nascen\u00e7a, enfrentou diversos obst\u00e1culos, comuns a uma pessoa com defici\u00eancia visual, mas como tantos se tornou um vitorioso. Construiu sua carreira como m\u00fasico, se tornando int\u00e9rprete, compositor e arranjador. J\u00e1 tocou com os mais diversos artistas, figuras do quilate de Hermeto Pascoal, Gilberto Gil e at\u00e9 Stevie Wonder. Tem em seu curr\u00edculo um respeit\u00e1vel leque de can\u00e7\u00f5es gravadas por, tamb\u00e9m, outros diversos artistas famosos. Come\u00e7ou a carreira profissional nos anos 60, aos 16 anos. No in\u00edcio da d\u00e9cada de 70 ele passou a compor para temas de novelas. Se tornou Paul Bryan, um pseudo artista internacional que emplacou uns quatro temas entre os dez mais vendidos no ano de 1974. Entre essas, a famosa &#8220;Don&#8217;t say good by&#8221;, que fez parte da novela da Globo &#8220;Cavalo de A\u00e7o&#8221;. Trabalhou tamb\u00e9m fazendo arranjos e como instrumentista (tecladista) para discos de artistas como Roberto Carlos, Simone, Jane Duboc e outros mais&#8230; Em 1982 ele gravou pela RCA este disco, intitulado &#8220;Voa vida&#8221;. Um \u00e1lbum onde praticamente quase todas as faixas s\u00e3o autorais. Os destaques v\u00e3o para a bel\u00edssima instrumental &#8220;Decolagem&#8221;, &#8220;Amigo desconhecido&#8221; e &#8220;Eu me rendo&#8221;. Essa \u00faltima se tornou tamb\u00e9m sucesso na interpreta\u00e7\u00e3o de F\u00e1bio Jr. Confiram&#8230;<\/p>\n<div align=\"center\">amigo desconhecido<\/div>\n<div align=\"center\">repartir a vida<\/div>\n<div align=\"center\">ci\u00eancia e natureza<\/div>\n<div align=\"center\">decolagem<\/div>\n<div align=\"center\">represa <\/div>\n<div align=\"center\">menino de la mancha<\/div>\n<div align=\"center\">tod menino<\/div>\n<div align=\"center\">\u00edndios, crian\u00e7as e b\u00eabados<\/div>\n<div align=\"center\">eu me rendo<\/div>\n<div align=\"center\">sauda\u00e7\u00f5es ao fim do mundo<\/div>\n","protected":false},"excerpt":{"rendered":"<p>Ol\u00e1 amigos cultos e ocultos! Nosso encontro hoje \u00e9 com o cearense paulista S\u00e9rgio S\u00e1, um artista que tem andado sumido, pelo menos para mim. J\u00e1 faz um tempo que n\u00e3o escuto falar dele, mas sei que continua muito atuante, &hellip; <a href=\"https:\/\/www.toque-musicall.com\/?p=868\">Continue lendo <span class=\"meta-nav\">&rarr;<\/span><\/a><\/p>\n","protected":false},"author":1,"featured_media":0,"comment_status":"open","ping_status":"closed","sticky":false,"template":"","format":"standard","meta":{"footnotes":""},"categories":[1177],"tags":[],"class_list":["post-868","post","type-post","status-publish","format-standard","hentry","category-sergio-sa"],"_links":{"self":[{"href":"https:\/\/www.toque-musicall.com\/index.php?rest_route=\/wp\/v2\/posts\/868","targetHints":{"allow":["GET"]}}],"collection":[{"href":"https:\/\/www.toque-musicall.com\/index.php?rest_route=\/wp\/v2\/posts"}],"about":[{"href":"https:\/\/www.toque-musicall.com\/index.php?rest_route=\/wp\/v2\/types\/post"}],"author":[{"embeddable":true,"href":"https:\/\/www.toque-musicall.com\/index.php?rest_route=\/wp\/v2\/users\/1"}],"replies":[{"embeddable":true,"href":"https:\/\/www.toque-musicall.com\/index.php?rest_route=%2Fwp%2Fv2%2Fcomments&post=868"}],"version-history":[{"count":0,"href":"https:\/\/www.toque-musicall.com\/index.php?rest_route=\/wp\/v2\/posts\/868\/revisions"}],"wp:attachment":[{"href":"https:\/\/www.toque-musicall.com\/index.php?rest_route=%2Fwp%2Fv2%2Fmedia&parent=868"}],"wp:term":[{"taxonomy":"category","embeddable":true,"href":"https:\/\/www.toque-musicall.com\/index.php?rest_route=%2Fwp%2Fv2%2Fcategories&post=868"},{"taxonomy":"post_tag","embeddable":true,"href":"https:\/\/www.toque-musicall.com\/index.php?rest_route=%2Fwp%2Fv2%2Ftags&post=868"}],"curies":[{"name":"wp","href":"https:\/\/api.w.org\/{rel}","templated":true}]}}