{"id":8681,"date":"2021-08-03T08:16:00","date_gmt":"2021-08-03T11:16:00","guid":{"rendered":"https:\/\/www.toque-musicall.com\/?p=8681"},"modified":"2021-08-05T23:23:15","modified_gmt":"2021-08-06T02:23:15","slug":"gabriel-antonio-de-azeredo-um-violino-no-samba-1956","status":"publish","type":"post","link":"https:\/\/www.toque-musicall.com\/?p=8681","title":{"rendered":"Gabriel Ant\u00f4nio De Azeredo &#8211; Um Violino No Samba (1956)"},"content":{"rendered":"\n<figure class=\"wp-block-image size-large\"><img decoding=\"async\" src=\"https:\/\/1.bp.blogspot.com\/-Xqx-TqrZBcM\/YQvTH1jfWiI\/AAAAAAAAUM8\/wttVvBmgVp0uMopirDted7dSsAo3qd_BQCLcBGAsYHQ\/w640-h640\/Captura%2Bde%2Btela%2B2021-08-05%2B075007.jpg\" alt=\"\"\/><\/figure>\n\n\n\n<figure class=\"wp-block-image size-large\"><img decoding=\"async\" src=\"https:\/\/1.bp.blogspot.com\/-fCkuYUyWKA4\/YQvTH6ZobiI\/AAAAAAAAUNA\/Nbf4QImGtN8Wywdj4xkwAlN2zAc18R2HACLcBGAsYHQ\/w640-h624\/Captura%2Bde%2Btela%2B2021-08-05%2B075117.jpg\" alt=\"\"\/><\/figure>\n\n\n<div class=\"separator\">Bom dia, amigos cultos e ocultos! Aqui temos para hoje um disquinho de 10 polegadas do selo R\u00e1dio focalizando o violinista Gabriel Antonio de Azeredo, o &#8220;Baiano&#8221;, m\u00fasico o qual j\u00e1 foi apresentado aqui no Toque Musical, no fim do ano passado, em seu terceiro lp, &#8220;Violino na gafieira&#8221;. Desta vez ele volta, agora em seu primeiro disco lan\u00e7ado em 1956, um lp trazendo oito composi\u00e7\u00f5es, sendo seis pr\u00f3prias, tocadas em uma rabeca constru\u00edda tamb\u00e9m pelo &#8220;Baiano&#8221;. Gabriel foi um m\u00fasico autodidata cearense talentoso que conquistou mestres como Hekel Tavares, conforme escreve Fernando Lobo no texto de contracapa. Em 58 a R\u00e1dio lan\u00e7aria uma vers\u00e3o ampliada de &#8220;Um violino no samba&#8221;, em de 12 polegadas e incluindo mais m\u00fasicas al\u00e9m das presentes neste lp. Vamos ent\u00e3o conferir?<\/div>\n<div class=\"separator\">\u00a0<\/div>\n<div class=\"separator\">chorinho no cear\u00e1<\/div>\n<div class=\"separator\">trem da bicharada<\/div>\n<div class=\"separator\">cazuza na rabeca<\/div>\n<div class=\"separator\">chorinho na ro\u00e7a<\/div>\n<div class=\"separator\">de cal\u00e7a curta<\/div>\n<div class=\"separator\">baiano na polca<\/div>\n<div class=\"separator\">siri donzelo<\/div>\n<div class=\"separator\">l\u00e1 vem a baiana<\/div>\n<div class=\"separator\">\u00a0<\/div>\n<div class=\"separator\">.\u00a0<\/div>","protected":false},"excerpt":{"rendered":"<p>Bom dia, amigos cultos e ocultos! Aqui temos para hoje um disquinho de 10 polegadas do selo R\u00e1dio focalizando o violinista Gabriel Antonio de Azeredo, o &#8220;Baiano&#8221;, m\u00fasico o qual j\u00e1 foi apresentado aqui no Toque Musical, no fim do &hellip; <a href=\"https:\/\/www.toque-musicall.com\/?p=8681\">Continue lendo <span class=\"meta-nav\">&rarr;<\/span><\/a><\/p>\n","protected":false},"author":1,"featured_media":0,"comment_status":"closed","ping_status":"closed","sticky":false,"template":"","format":"standard","meta":{"footnotes":""},"categories":[4658,2162,4038,221],"tags":[4659,4037,4039,3495],"class_list":["post-8681","post","type-post","status-publish","format-standard","hentry","category-gabriel-antonio-azeredo","category-gabriel-e-seu-violino","category-gabriel-e-sua-rabeca","category-selo-radio","tag-gabriel-antonio-azeredo","tag-gabriel-e-seu-violino","tag-gabriel-e-sua-rabeca","tag-selo-radio-3"],"_links":{"self":[{"href":"https:\/\/www.toque-musicall.com\/index.php?rest_route=\/wp\/v2\/posts\/8681","targetHints":{"allow":["GET"]}}],"collection":[{"href":"https:\/\/www.toque-musicall.com\/index.php?rest_route=\/wp\/v2\/posts"}],"about":[{"href":"https:\/\/www.toque-musicall.com\/index.php?rest_route=\/wp\/v2\/types\/post"}],"author":[{"embeddable":true,"href":"https:\/\/www.toque-musicall.com\/index.php?rest_route=\/wp\/v2\/users\/1"}],"replies":[{"embeddable":true,"href":"https:\/\/www.toque-musicall.com\/index.php?rest_route=%2Fwp%2Fv2%2Fcomments&post=8681"}],"version-history":[{"count":1,"href":"https:\/\/www.toque-musicall.com\/index.php?rest_route=\/wp\/v2\/posts\/8681\/revisions"}],"predecessor-version":[{"id":8682,"href":"https:\/\/www.toque-musicall.com\/index.php?rest_route=\/wp\/v2\/posts\/8681\/revisions\/8682"}],"wp:attachment":[{"href":"https:\/\/www.toque-musicall.com\/index.php?rest_route=%2Fwp%2Fv2%2Fmedia&parent=8681"}],"wp:term":[{"taxonomy":"category","embeddable":true,"href":"https:\/\/www.toque-musicall.com\/index.php?rest_route=%2Fwp%2Fv2%2Fcategories&post=8681"},{"taxonomy":"post_tag","embeddable":true,"href":"https:\/\/www.toque-musicall.com\/index.php?rest_route=%2Fwp%2Fv2%2Ftags&post=8681"}],"curies":[{"name":"wp","href":"https:\/\/api.w.org\/{rel}","templated":true}]}}