{"id":8685,"date":"2021-08-05T10:17:00","date_gmt":"2021-08-05T13:17:00","guid":{"rendered":"https:\/\/www.toque-musicall.com\/?p=8685"},"modified":"2021-08-10T22:01:37","modified_gmt":"2021-08-11T01:01:37","slug":"trio-guaras-1955","status":"publish","type":"post","link":"https:\/\/www.toque-musicall.com\/?p=8685","title":{"rendered":"Trio Guar\u00e1s (1955)"},"content":{"rendered":"\n<figure class=\"wp-block-image size-large\"><img decoding=\"async\" src=\"https:\/\/1.bp.blogspot.com\/-nSx-q8_2cNo\/YQ_NKXNKFUI\/AAAAAAAAUNw\/rN7ncbaQzbQlZcILs6EVSuS0Fmav7_O0wCLcBGAsYHQ\/w636-h640\/Captura%2Bde%2Btela%2B2021-08-08%2B091728.jpg\" alt=\"\"\/><\/figure>\n\n\n\n<figure class=\"wp-block-image size-large\"><img decoding=\"async\" src=\"https:\/\/1.bp.blogspot.com\/-LOZf2q30h0s\/YQ_NKi350EI\/AAAAAAAAUN0\/1wkL-0E2cv82rg81fZ4AAOySPw5DsoERgCLcBGAsYHQ\/w640-h636\/Captura%2Bde%2Btela%2B2021-08-08%2B091922.jpg\" alt=\"\"\/><\/figure>\n\n\n<div class=\"separator\">Muito bom dia a todos, amigos cultos e ocultos! Seguindo em nossa mostra di\u00e1ria, hoje temos aqui um raro lp do Trio Guar\u00e1s, disco lan\u00e7ado em 1955 pelo selo R\u00e1dio. O trio vocal Guar\u00e1 surgiu nos anos 40, formado pelos irm\u00e3os Chalub: Juca no acordeom, Pimentinha no viol\u00e3o e Toninho no pandeiro. Este grupo s\u00f3 chegou a gravar este lp e antes disso, em 45, gravaram um 78 rota\u00e7\u00f5es pela Continental trazendo dois sambas de Pr\u00edncipe Pretinho: &#8220;Adivinha\u00e7\u00e3o&#8221; e &#8220;Palha\u00e7o apaixonado&#8221;. Ao que se sabe, apenas Juca (Abdalla Chalub) seguiu em carreira gravando outros discos. Era conhecido como Juca e Seu Acordeom e atuou na m\u00fasica at\u00e9 o final dos anos 60.<\/div>\n<div class=\"separator\">Neste pequeno lp temos uma sele\u00e7\u00e3o musical onde o trio nos apresenta oito can\u00e7\u00f5es sendo essas cinco temas regionais e cabendo ainda espa\u00e7o para a m\u00fasica portenha e \u00e1rabe. Disquinho dos mais interessante, sendo tamb\u00e9m objeto de desejo de muitos colecionadores por a\u00ed. Vamos conferir no GTM?<\/div>\n<div>\u00a0<\/div>\n<div class=\"separator\">nostalgias tucumanas<\/div>\n<div class=\"separator\">\n<div class=\"separator\">quixeramobim<\/div>\n<div class=\"separator\">papagaio indiscreto<\/div>\n<div>hakini atelfon<\/div>\n<\/div>\n<div class=\"separator\">dedilhando a gaita<\/div>\n<div class=\"separator\">encantos de diamantina<\/div>\n<div class=\"separator\">pra cas\u00e1<\/div>\n<div class=\"separator\">banats candary<\/div>\n<div class=\"separator\">\u00a0<\/div>\n<div class=\"separator\">\u00a0<\/div>","protected":false},"excerpt":{"rendered":"<p>Muito bom dia a todos, amigos cultos e ocultos! Seguindo em nossa mostra di\u00e1ria, hoje temos aqui um raro lp do Trio Guar\u00e1s, disco lan\u00e7ado em 1955 pelo selo R\u00e1dio. O trio vocal Guar\u00e1 surgiu nos anos 40, formado pelos &hellip; <a href=\"https:\/\/www.toque-musicall.com\/?p=8685\">Continue lendo <span class=\"meta-nav\">&rarr;<\/span><\/a><\/p>\n","protected":false},"author":1,"featured_media":0,"comment_status":"closed","ping_status":"closed","sticky":false,"template":"","format":"standard","meta":{"footnotes":""},"categories":[4663,221,4662],"tags":[4677,3319,4664],"class_list":["post-8685","post","type-post","status-publish","format-standard","hentry","category-juca-do-acordeom","category-selo-radio","category-trio-guara","tag-juca-do-acordeom","tag-selo-radio","tag-trio-guara"],"_links":{"self":[{"href":"https:\/\/www.toque-musicall.com\/index.php?rest_route=\/wp\/v2\/posts\/8685","targetHints":{"allow":["GET"]}}],"collection":[{"href":"https:\/\/www.toque-musicall.com\/index.php?rest_route=\/wp\/v2\/posts"}],"about":[{"href":"https:\/\/www.toque-musicall.com\/index.php?rest_route=\/wp\/v2\/types\/post"}],"author":[{"embeddable":true,"href":"https:\/\/www.toque-musicall.com\/index.php?rest_route=\/wp\/v2\/users\/1"}],"replies":[{"embeddable":true,"href":"https:\/\/www.toque-musicall.com\/index.php?rest_route=%2Fwp%2Fv2%2Fcomments&post=8685"}],"version-history":[{"count":1,"href":"https:\/\/www.toque-musicall.com\/index.php?rest_route=\/wp\/v2\/posts\/8685\/revisions"}],"predecessor-version":[{"id":8686,"href":"https:\/\/www.toque-musicall.com\/index.php?rest_route=\/wp\/v2\/posts\/8685\/revisions\/8686"}],"wp:attachment":[{"href":"https:\/\/www.toque-musicall.com\/index.php?rest_route=%2Fwp%2Fv2%2Fmedia&parent=8685"}],"wp:term":[{"taxonomy":"category","embeddable":true,"href":"https:\/\/www.toque-musicall.com\/index.php?rest_route=%2Fwp%2Fv2%2Fcategories&post=8685"},{"taxonomy":"post_tag","embeddable":true,"href":"https:\/\/www.toque-musicall.com\/index.php?rest_route=%2Fwp%2Fv2%2Ftags&post=8685"}],"curies":[{"name":"wp","href":"https:\/\/api.w.org\/{rel}","templated":true}]}}