{"id":8689,"date":"2021-08-07T10:29:00","date_gmt":"2021-08-07T13:29:00","guid":{"rendered":"https:\/\/www.toque-musicall.com\/?p=8689"},"modified":"2021-08-10T10:32:03","modified_gmt":"2021-08-10T13:32:03","slug":"don-marino-barreto-jr-e-sua-orquestra-cubana-cubana-1955","status":"publish","type":"post","link":"https:\/\/www.toque-musicall.com\/?p=8689","title":{"rendered":"Don Marino Barreto Jr. E Sua Orquestra Cubana &#8211; Cubana (1955)"},"content":{"rendered":"\n<figure class=\"wp-block-image size-large\"><img decoding=\"async\" src=\"https:\/\/1.bp.blogspot.com\/-A-Y-jRxLpZ0\/YRJz4r9oS_I\/AAAAAAAAUOM\/_UTC_PclJMAD0MX72hHDu08717ZWoZWvQCLcBGAsYHQ\/w640-h632\/Captura%2Bde%2Btela%2B2021-08-10%2B093538.jpg\" alt=\"\"\/><\/figure>\n\n\n\n<figure class=\"wp-block-image size-large\"><img decoding=\"async\" src=\"https:\/\/1.bp.blogspot.com\/-C42rq-VSi0s\/YRJz4pgU4jI\/AAAAAAAAUOI\/fe3AAYyggXkSucfQUFq6_Wojs8uTET58ACLcBGAsYHQ\/w630-h640\/Captura%2Bde%2Btela%2B2021-08-10%2B093656.jpg\" alt=\"\"\/><\/figure>\n\n\n<div class=\"separator\">Bom dia, amigos cultos e ocultos! Conforme eu havia comentado, neste m\u00eas estarei trazendo tamb\u00e9m alguns discos e artistas internacionais, os quais eu acredito, tamb\u00e9m tem muito em comum com a nossa m\u00fasica e porque n\u00e3o dizer, com a nossa curiosidade musical, aqui no TM. E para come\u00e7ar, aqui vai um pouco de m\u00fasica cubana, ou melhor dizendo, de ritmos cubanos. Temos aqui um disquinho dos mais interessantes, Don Marino Barreto Jr e sua Orquestra Cubana, lp de 10 polegadas lan\u00e7ado no Brasil em 1955. Don Marino Barreto Jr. foi um artista cubano que fez sucesso na d\u00e9cada de 50, principalmente na Europa, na It\u00e1lia e Espanha, onde teve a sua forma\u00e7\u00e3o musical como contrabaixista e construiu a sua carreira como m\u00fasico e artista cubano. Gravou muitos discos, mas o que eu escolhi para o nosso toque musical tem tudo a ver com a nossa m\u00fasica, pois em seu repert\u00f3rio com nove m\u00fasicas, temos umas quatro que s\u00e3o de compositores brasileiros. Sambas e choros que aqui se transformam em ruma e mambo. Temos &#8220;Delicado&#8221;, de Waldir Azevedo, &#8220;Quero ver-te sambar&#8221;, de Durval Ferreira, &#8220;Bai\u00e3o sim, bai\u00e3o n\u00e3o&#8221;, de Herv\u00e9 Cordovil &#8220;Mulher rendeira&#8221;, que segundo C\u00e2mara Cascudo, essa m\u00fasica foi composta por Lampi\u00e3o e curiosamente, no selo deste disco consta como sendo de &#8220;Os Dem\u00f4nios&#8221;, por certo refer\u00eancia ao grupo vocal Dem\u00f4nios da Garoa que, assim como Vanja Orico, gravaram e fizeram sucesso internacional com esta can\u00e7\u00e3o. Como podemos ver, a m\u00fasica brasileira sempre teve destaque internacional. N\u00e3o \u00e9 atoa que, segundo contam, Aloysio de Oliveira dizia que s\u00f3 existem tr\u00eas tipos de m\u00fasica boa, a americana, a cubana e a brasileira. Acho que estou com ele, mas s\u00f3 at\u00e9 o final dos anos 50, hehehe&#8230;<\/div>\n<div class=\"separator\">\u00a0<\/div>\n<div class=\"separator\">delicado<\/div>\n<div class=\"separator\">maria cristina<\/div>\n<div class=\"separator\">quero ver-te sambar<\/div>\n<div class=\"separator\">kikiriki<\/div>\n<div class=\"separator\">mulher rendeira<\/div>\n<div class=\"separator\">bai\u00e3o de anna<\/div>\n<div class=\"separator\">bai\u00e3o sim, bai\u00e3o n\u00e3o<\/div>\n<div class=\"separator\">esa es la mona<\/div>\n<div class=\"separator\">rico caliente y sabroso<\/div>\n<div class=\"separator\">juanita bonita<\/div>\n<div class=\"separator\">\u00a0<\/div>\n<div class=\"separator\">.<\/div>","protected":false},"excerpt":{"rendered":"<p>Bom dia, amigos cultos e ocultos! Conforme eu havia comentado, neste m\u00eas estarei trazendo tamb\u00e9m alguns discos e artistas internacionais, os quais eu acredito, tamb\u00e9m tem muito em comum com a nossa m\u00fasica e porque n\u00e3o dizer, com a nossa &hellip; <a href=\"https:\/\/www.toque-musicall.com\/?p=8689\">Continue lendo <span class=\"meta-nav\">&rarr;<\/span><\/a><\/p>\n","protected":false},"author":1,"featured_media":0,"comment_status":"closed","ping_status":"closed","sticky":false,"template":"","format":"standard","meta":{"footnotes":""},"categories":[4665,2584],"tags":[4666,4667],"class_list":["post-8689","post","type-post","status-publish","format-standard","hentry","category-don-marino-barreto-jr-e-sua-orquestra-cubana","category-selo-vox","tag-don-marino-barreto-jr-e-sua-orquestra-cubana","tag-selo-vox"],"_links":{"self":[{"href":"https:\/\/www.toque-musicall.com\/index.php?rest_route=\/wp\/v2\/posts\/8689","targetHints":{"allow":["GET"]}}],"collection":[{"href":"https:\/\/www.toque-musicall.com\/index.php?rest_route=\/wp\/v2\/posts"}],"about":[{"href":"https:\/\/www.toque-musicall.com\/index.php?rest_route=\/wp\/v2\/types\/post"}],"author":[{"embeddable":true,"href":"https:\/\/www.toque-musicall.com\/index.php?rest_route=\/wp\/v2\/users\/1"}],"replies":[{"embeddable":true,"href":"https:\/\/www.toque-musicall.com\/index.php?rest_route=%2Fwp%2Fv2%2Fcomments&post=8689"}],"version-history":[{"count":1,"href":"https:\/\/www.toque-musicall.com\/index.php?rest_route=\/wp\/v2\/posts\/8689\/revisions"}],"predecessor-version":[{"id":8690,"href":"https:\/\/www.toque-musicall.com\/index.php?rest_route=\/wp\/v2\/posts\/8689\/revisions\/8690"}],"wp:attachment":[{"href":"https:\/\/www.toque-musicall.com\/index.php?rest_route=%2Fwp%2Fv2%2Fmedia&parent=8689"}],"wp:term":[{"taxonomy":"category","embeddable":true,"href":"https:\/\/www.toque-musicall.com\/index.php?rest_route=%2Fwp%2Fv2%2Fcategories&post=8689"},{"taxonomy":"post_tag","embeddable":true,"href":"https:\/\/www.toque-musicall.com\/index.php?rest_route=%2Fwp%2Fv2%2Ftags&post=8689"}],"curies":[{"name":"wp","href":"https:\/\/api.w.org\/{rel}","templated":true}]}}