{"id":869,"date":"2010-04-23T22:31:00","date_gmt":"2010-04-23T22:31:00","guid":{"rendered":"http:\/\/www.toque-musicall.com\/?p=869"},"modified":"2010-04-23T22:31:00","modified_gmt":"2010-04-23T22:31:00","slug":"claudio-popo-vendedor-de-vidas-sdata","status":"publish","type":"post","link":"https:\/\/www.toque-musicall.com\/?p=869","title":{"rendered":"Claudio Pop\u00f3 &#8211; Vendedor De Vidas (S\/Data)"},"content":{"rendered":"<p><a href=\"http:\/\/4.bp.blogspot.com\/_DSKVEvHtskc\/S9IgnyOAkCI\/AAAAAAAAGcg\/B86v_WJkiP4\/s1600\/folder.jpg\"><img decoding=\"async\" style=\"TEXT-ALIGN: center; MARGIN: 0px auto 10px; WIDTH: 400px; DISPLAY: block; HEIGHT: 393px; CURSOR: hand\" id=\"BLOGGER_PHOTO_ID_5463465165821349922\" border=\"0\" alt=\"\" src=\"http:\/\/4.bp.blogspot.com\/_DSKVEvHtskc\/S9IgnyOAkCI\/AAAAAAAAGcg\/B86v_WJkiP4\/s400\/folder.jpg\" \/><\/a> Ufa! Finalmente um tempinho para o descanso e tamb\u00e9m para a postagem do dia, que at\u00e9 agora n\u00e3o havia sa\u00eddo. Hoje, dia do artista\/disco independente estava com duas outras op\u00e7\u00f5es de postagem j\u00e1 prometidas, mas devido a uns pequenos detalhes ficar\u00e3o para as pr\u00f3ximas semanas. Quem saiu ganhando com isso foi o cantor e compositor maranhense Cl\u00e1udio Pop\u00f3. O &#8220;Vendedor de Almas&#8221; j\u00e1 estava no jeito, esperando sua vez. S\u00f3 n\u00e3o postei este disco antes porque n\u00e3o encontrei informa\u00e7\u00f5es disponiveis na rede. Continuo na mesma, mas desta vez vou inverter o jogo, publico para que algu\u00e9m se manifeste. A \u00fanica coisa que sei sobre Cl\u00e1udio Pop\u00f3 \u00e9 que ele \u00e9 um artista maranhence radicado no Rio de Janeiro. Era, ou \u00e9, propriet\u00e1rio de uma casa noturna, onde por l\u00e1 se apresenta. O que desperta o interesse em conhecer melhor este artista \u00e9 por certo a qualidade de suas m\u00fasicas. O \u00e1lbum, um lan\u00e7amento independente, re\u00fane 10 composi\u00e7\u00f5es pr\u00f3prias, com bel\u00edssimos arranjos e participa\u00e7\u00e3o de um grupo de instrumentistas muito bons. Ser\u00e1 que o Cl\u00e1udio Pop\u00f3 j\u00e1 pendurou a chuteira? Largou a vida incerta de artista e foi ser empres\u00e1rio. Algu\u00e9m confirma?<br \/>Independente de qualquer coisa, este \u00e9 um disco que vale a pena ser ouvido. Confira a\u00ed&#8230;<\/p>\n<div align=\"center\">30\/08\/51<\/div>\n<div align=\"center\">baga\u00e7o verde<\/div>\n<div align=\"center\">ep\u00edlogo<\/div>\n<div align=\"center\">te aguenta<\/div>\n<div align=\"center\">frevo de a\u00e7o<\/div>\n<div align=\"center\">a renda<\/div>\n<div align=\"center\">vendedor de vida<\/div>\n<div align=\"center\">alimenta\u00e7\u00e3o das almas<\/div>\n<div align=\"center\">boca do mundo<\/div>\n<div align=\"center\">olho d&#8217;agua<\/div>\n<div align=\"center\"> <\/div>\n","protected":false},"excerpt":{"rendered":"<p>Ufa! Finalmente um tempinho para o descanso e tamb\u00e9m para a postagem do dia, que at\u00e9 agora n\u00e3o havia sa\u00eddo. Hoje, dia do artista\/disco independente estava com duas outras op\u00e7\u00f5es de postagem j\u00e1 prometidas, mas devido a uns pequenos detalhes &hellip; <a href=\"https:\/\/www.toque-musicall.com\/?p=869\">Continue lendo <span class=\"meta-nav\">&rarr;<\/span><\/a><\/p>\n","protected":false},"author":1,"featured_media":0,"comment_status":"open","ping_status":"closed","sticky":false,"template":"","format":"standard","meta":{"footnotes":""},"categories":[1178],"tags":[],"class_list":["post-869","post","type-post","status-publish","format-standard","hentry","category-claudio-popo"],"_links":{"self":[{"href":"https:\/\/www.toque-musicall.com\/index.php?rest_route=\/wp\/v2\/posts\/869","targetHints":{"allow":["GET"]}}],"collection":[{"href":"https:\/\/www.toque-musicall.com\/index.php?rest_route=\/wp\/v2\/posts"}],"about":[{"href":"https:\/\/www.toque-musicall.com\/index.php?rest_route=\/wp\/v2\/types\/post"}],"author":[{"embeddable":true,"href":"https:\/\/www.toque-musicall.com\/index.php?rest_route=\/wp\/v2\/users\/1"}],"replies":[{"embeddable":true,"href":"https:\/\/www.toque-musicall.com\/index.php?rest_route=%2Fwp%2Fv2%2Fcomments&post=869"}],"version-history":[{"count":0,"href":"https:\/\/www.toque-musicall.com\/index.php?rest_route=\/wp\/v2\/posts\/869\/revisions"}],"wp:attachment":[{"href":"https:\/\/www.toque-musicall.com\/index.php?rest_route=%2Fwp%2Fv2%2Fmedia&parent=869"}],"wp:term":[{"taxonomy":"category","embeddable":true,"href":"https:\/\/www.toque-musicall.com\/index.php?rest_route=%2Fwp%2Fv2%2Fcategories&post=869"},{"taxonomy":"post_tag","embeddable":true,"href":"https:\/\/www.toque-musicall.com\/index.php?rest_route=%2Fwp%2Fv2%2Ftags&post=869"}],"curies":[{"name":"wp","href":"https:\/\/api.w.org\/{rel}","templated":true}]}}