{"id":8691,"date":"2021-08-08T21:03:00","date_gmt":"2021-08-09T00:03:00","guid":{"rendered":"https:\/\/www.toque-musicall.com\/?p=8691"},"modified":"2021-08-10T21:06:11","modified_gmt":"2021-08-11T00:06:11","slug":"aurino-seu-sax-e-conjunto-saturday-night-1960","status":"publish","type":"post","link":"https:\/\/www.toque-musicall.com\/?p=8691","title":{"rendered":"Aurino Seu Sax E Conjunto &#8211; Saturday Night (1960)"},"content":{"rendered":"\n<figure class=\"wp-block-image size-large\"><img decoding=\"async\" src=\"https:\/\/1.bp.blogspot.com\/-Zv3NW7aqzcc\/YRMGw4E8kAI\/AAAAAAAAUOg\/VArYApZjzVsxUc0sLB03aeoqKUkZWhAdgCLcBGAsYHQ\/w632-h640\/Captura%2Bde%2Btela%2B2021-08-10%2B195955.jpg\" alt=\"\"\/><\/figure>\n\n\n\n<figure class=\"wp-block-image size-large\"><img decoding=\"async\" src=\"https:\/\/1.bp.blogspot.com\/-YPijg__E5HI\/YRMGwtb0x-I\/AAAAAAAAUOc\/jTmemXaxpB8KkRUHCktLWzsw_z8px7FAQCLcBGAsYHQ\/w640-h640\/Captura%2Bde%2Btela%2B2021-08-10%2B195646.jpg\" alt=\"\"\/><\/figure>\n\n\n<div class=\"separator\">Boa noite, meus prezados amigos cultos e ocultos! Hoje eu trago aqui para voc\u00eas um disco dos mais desejados por colecionadores de bossa e jazz. Digo isso por conta de alguns que conhe\u00e7o, que d\u00e3o a m\u00e3o em troca de uma raridade. E no caso espec\u00edfico deste lp fui testemunha, na loja de um amigo, saiu em troca de seis notas de cem. Mas isso n\u00e3o \u00e9 nada se formos tomar como base a especula\u00e7\u00e3o que virou o com\u00e9rcio de discos no Mercado Livre. Tem doido para tudo, at\u00e9 para outro doido, hehehe&#8230; Por\u00e9m, n\u00e3o se trata de uma ironia a este &#8216;long play&#8217; que agora apresento, muito pelo contr\u00e1rio, \u00e9 sem d\u00favida um disco de tirar o chap\u00e9u, pois aqui temos um time de m\u00fasicos de primeir\u00edssima linha comandados\u00a0 pelo saxofonista Aurino (Ferreira de Oliveira), um dos pioneiros do jazz aqui no Brasil. Aurino, seu sax e Conjunto, em &#8220;Saturday Night&#8221;, \u00e1lbum lan\u00e7ado em 1960 pela RCA Victor. Para facilitar a minha apresenta\u00e7\u00e3o e adiantar as coisas que j\u00e1 andam atrasadas, felizmente, a contracapa j\u00e1 nos traz tudo mastigadinho, todas as informa\u00e7\u00f5es sobre o artista e seu lp. Chamo aten\u00e7\u00e3o apenas para o repert\u00f3rio, muito bem escolhido de samba, fox, bolero e beguine, com aquele tempero jazz\u00edstico que diferencia de outros que tamb\u00e9m j\u00e1 interpretam algumas dessas m\u00fasicas na mesma \u00e9poca. Tamb\u00e9m \u00e9 de se destacar a presen\u00e7a nesse time de m\u00fasicos, de artistas como Baden Powell, Luiz Marinho, Rubens Bassini, Orlando Silveira&#8230; \u00c9&#8230; Est\u00e1 a\u00ed um disco bem convidativo&#8230; Vamos conferir no GTM? \ud83d\ude09<\/div>\n<div class=\"separator\">\u00a0<\/div>\n<div class=\"separator\">saturday night<\/div>\n<div class=\"separator\">fechei a porta<\/div>\n<div class=\"separator\">algu\u00e9m me disse<\/div>\n<div class=\"separator\">solitude<\/div>\n<div class=\"separator\">chora tua tristeza<\/div>\n<div class=\"separator\">i love you<\/div>\n<div class=\"separator\">menina mo\u00e7a<\/div>\n<div class=\"separator\">sophisticated lady<\/div>\n<div class=\"separator\">vem<\/div>\n<div class=\"separator\">complica\u00e7\u00e3o<\/div>\n<div class=\"separator\">the song is you<\/div>\n<div class=\"separator\">so in love<\/div>\n<div class=\"separator\">\u00a0<\/div>\n<div class=\"separator\">\u00a0<\/div>\n<div class=\"separator\">.<\/div>","protected":false},"excerpt":{"rendered":"<p>Boa noite, meus prezados amigos cultos e ocultos! Hoje eu trago aqui para voc\u00eas um disco dos mais desejados por colecionadores de bossa e jazz. Digo isso por conta de alguns que conhe\u00e7o, que d\u00e3o a m\u00e3o em troca de &hellip; <a href=\"https:\/\/www.toque-musicall.com\/?p=8691\">Continue lendo <span class=\"meta-nav\">&rarr;<\/span><\/a><\/p>\n","protected":false},"author":1,"featured_media":0,"comment_status":"closed","ping_status":"closed","sticky":false,"template":"","format":"standard","meta":{"footnotes":""},"categories":[4668,70],"tags":[4669,3061],"class_list":["post-8691","post","type-post","status-publish","format-standard","hentry","category-aurino","category-selo-rca-victor","tag-aurino","tag-selo-rca-victor"],"_links":{"self":[{"href":"https:\/\/www.toque-musicall.com\/index.php?rest_route=\/wp\/v2\/posts\/8691","targetHints":{"allow":["GET"]}}],"collection":[{"href":"https:\/\/www.toque-musicall.com\/index.php?rest_route=\/wp\/v2\/posts"}],"about":[{"href":"https:\/\/www.toque-musicall.com\/index.php?rest_route=\/wp\/v2\/types\/post"}],"author":[{"embeddable":true,"href":"https:\/\/www.toque-musicall.com\/index.php?rest_route=\/wp\/v2\/users\/1"}],"replies":[{"embeddable":true,"href":"https:\/\/www.toque-musicall.com\/index.php?rest_route=%2Fwp%2Fv2%2Fcomments&post=8691"}],"version-history":[{"count":1,"href":"https:\/\/www.toque-musicall.com\/index.php?rest_route=\/wp\/v2\/posts\/8691\/revisions"}],"predecessor-version":[{"id":8692,"href":"https:\/\/www.toque-musicall.com\/index.php?rest_route=\/wp\/v2\/posts\/8691\/revisions\/8692"}],"wp:attachment":[{"href":"https:\/\/www.toque-musicall.com\/index.php?rest_route=%2Fwp%2Fv2%2Fmedia&parent=8691"}],"wp:term":[{"taxonomy":"category","embeddable":true,"href":"https:\/\/www.toque-musicall.com\/index.php?rest_route=%2Fwp%2Fv2%2Fcategories&post=8691"},{"taxonomy":"post_tag","embeddable":true,"href":"https:\/\/www.toque-musicall.com\/index.php?rest_route=%2Fwp%2Fv2%2Ftags&post=8691"}],"curies":[{"name":"wp","href":"https:\/\/api.w.org\/{rel}","templated":true}]}}