{"id":8697,"date":"2021-08-11T09:19:13","date_gmt":"2021-08-11T12:19:13","guid":{"rendered":"https:\/\/www.toque-musicall.com\/?p=8697"},"modified":"2021-08-11T09:20:24","modified_gmt":"2021-08-11T12:20:24","slug":"ataulfo-alves-o-mestre-ataulfo-e-seus-convidados-1968","status":"publish","type":"post","link":"https:\/\/www.toque-musicall.com\/?p=8697","title":{"rendered":"Ataulfo Alves &#8211; O Mestre Ataulfo E Seus Convidados (1968)"},"content":{"rendered":"\n<figure class=\"wp-block-image size-large\"><img decoding=\"async\" src=\"https:\/\/1.bp.blogspot.com\/-CIihS96NE7I\/YRO58ahhYKI\/AAAAAAAAUPA\/dgyUGgUi3CA9Usux5jIP2Vv_AxuYZ6B3gCLcBGAsYHQ\/w636-h640\/Captura%2Bde%2Btela%2B2021-08-11%2B085042.jpg\" alt=\"\"\/><\/figure>\n\n\n\n<figure class=\"wp-block-image size-large\"><img decoding=\"async\" src=\"https:\/\/1.bp.blogspot.com\/-XFe96tXB2Zs\/YRO58lB-jPI\/AAAAAAAAUPE\/tSfM1a9Zd3IDxbHonwoDBAKaPqGM0seyQCLcBGAsYHQ\/w634-h640\/Captura%2Bde%2Btela%2B2021-08-11%2B084820.jpg\" alt=\"\"\/><\/figure>\n\n\n<div class=\"separator\">Muito bom dia a todos os nossos amigos cultos e ocultos! Para a nossa ter\u00e7a-feira tenho aqui um &#8216;medalh\u00e3o&#8217;, dos quais eu sempre gosto de postar. Claro, me refiro ao grande Ataulfo Alves, o qual dispensa as apresenta\u00e7\u00f5es. Da mesma forma o repert\u00f3rio e tamb\u00e9m seus int\u00e9rpretes, tudo figurinha j\u00e1 batida por aqui. Acredito que todas as m\u00fasicas que est\u00e3o nesta sele\u00e7\u00e3o da RCA j\u00e1 foram apresentadas aqui em diferentes momentos de nossas postagens, mas em se tratando de Ataulfo e tamb\u00e9m desses estimados int\u00e9rpretes, sempre \u00e9 bom ouvir de novo. Aqui temos um sele\u00e7\u00e3o musical da RCA Victor que estrategicamente coloca o Ataulfo em suas fileiras atrav\u00e9s dos artistas de seu &#8216;cast&#8217;. Uma boa jogada comercial e mais ainda como colet\u00e2nea, que por certo, agrada a todos. Vamos conferir?<\/div>\n<div class=\"separator\">\u00a0<\/div>\n<div class=\"separator\">atira a primeira pedra &#8211; orlando silva<\/div>\n<div class=\"separator\">errei, erramos &#8211; nora ney<\/div>\n<div class=\"separator\">vai, mas vai mesmo<\/div>\n<div class=\"separator\">pois \u00e9 &#8211; carlos galhardo<\/div>\n<div class=\"separator\">na cad\u00eancia do samba &#8211; jorge veiga<\/div>\n<div class=\"separator\">o prazer \u00e9 todo meu &#8211; orlando silva<\/div>\n<div class=\"separator\">sei que \u00e9 covardia &#8211; carlos galhardo<\/div>\n<div class=\"separator\">rainha da beleza &#8211; orlando silva<\/div>\n<div class=\"separator\">a mulher faz o homem &#8211; cyro monteiro<\/div>\n<div class=\"separator\">voc\u00ea n\u00e3o quer nem eu &#8211; dalva barbosa com silvio vianna<\/div>\n<div class=\"separator\">o bonde de s\u00e3o janu\u00e1rio &#8211; cyro monteiro<\/div>\n<div class=\"separator\">quanta tristeza &#8211; carlos galhardo<\/div>\n<div class=\"separator\">\u00a0<\/div>\n<div class=\"separator\">\u00a0<\/div>\n<div class=\"separator\">.<\/div>","protected":false},"excerpt":{"rendered":"<p>Muito bom dia a todos os nossos amigos cultos e ocultos! Para a nossa ter\u00e7a-feira tenho aqui um &#8216;medalh\u00e3o&#8217;, dos quais eu sempre gosto de postar. Claro, me refiro ao grande Ataulfo Alves, o qual dispensa as apresenta\u00e7\u00f5es. Da mesma &hellip; <a href=\"https:\/\/www.toque-musicall.com\/?p=8697\">Continue lendo <span class=\"meta-nav\">&rarr;<\/span><\/a><\/p>\n","protected":false},"author":1,"featured_media":0,"comment_status":"closed","ping_status":"closed","sticky":false,"template":"","format":"standard","meta":{"footnotes":""},"categories":[101,138,226,4681,1131,118,160,85,277],"tags":[3685,3881,4679,4680,3967,4475,4678,4671,3204],"class_list":["post-8697","post","type-post","status-publish","format-standard","hentry","category-ataulfo-alves","category-carlos-galhardo","category-cyro-monteiro","category-dalva-barbosa","category-jorge-veiga","category-nelson-goncalves","category-nora-ney","category-orlando-silva","category-selo-rca-camden","tag-ataulfo-alves","tag-carlos-galhardo","tag-cyro-monteiro","tag-dalva-barbosa","tag-jorge-veiga","tag-nelson-goncalves","tag-nora-ney","tag-orlando-silva","tag-selo-rca-camden"],"_links":{"self":[{"href":"https:\/\/www.toque-musicall.com\/index.php?rest_route=\/wp\/v2\/posts\/8697","targetHints":{"allow":["GET"]}}],"collection":[{"href":"https:\/\/www.toque-musicall.com\/index.php?rest_route=\/wp\/v2\/posts"}],"about":[{"href":"https:\/\/www.toque-musicall.com\/index.php?rest_route=\/wp\/v2\/types\/post"}],"author":[{"embeddable":true,"href":"https:\/\/www.toque-musicall.com\/index.php?rest_route=\/wp\/v2\/users\/1"}],"replies":[{"embeddable":true,"href":"https:\/\/www.toque-musicall.com\/index.php?rest_route=%2Fwp%2Fv2%2Fcomments&post=8697"}],"version-history":[{"count":1,"href":"https:\/\/www.toque-musicall.com\/index.php?rest_route=\/wp\/v2\/posts\/8697\/revisions"}],"predecessor-version":[{"id":8698,"href":"https:\/\/www.toque-musicall.com\/index.php?rest_route=\/wp\/v2\/posts\/8697\/revisions\/8698"}],"wp:attachment":[{"href":"https:\/\/www.toque-musicall.com\/index.php?rest_route=%2Fwp%2Fv2%2Fmedia&parent=8697"}],"wp:term":[{"taxonomy":"category","embeddable":true,"href":"https:\/\/www.toque-musicall.com\/index.php?rest_route=%2Fwp%2Fv2%2Fcategories&post=8697"},{"taxonomy":"post_tag","embeddable":true,"href":"https:\/\/www.toque-musicall.com\/index.php?rest_route=%2Fwp%2Fv2%2Ftags&post=8697"}],"curies":[{"name":"wp","href":"https:\/\/api.w.org\/{rel}","templated":true}]}}