{"id":87,"date":"2012-04-22T14:14:00","date_gmt":"2012-04-22T14:14:00","guid":{"rendered":"http:\/\/www.toque-musicall.com\/?p=87"},"modified":"2012-04-22T14:14:00","modified_gmt":"2012-04-22T14:14:00","slug":"erasmo-carlos-as-freneticas-e-sergio-sampaio-projeto-pixinguinha-1981","status":"publish","type":"post","link":"https:\/\/www.toque-musicall.com\/?p=87","title":{"rendered":"Erasmo Carlos, As Fren\u00e9ticas E S\u00e9rgio Sampaio &#8211; Projeto Pixinguinha (1981)"},"content":{"rendered":"<p><a href=\"http:\/\/3.bp.blogspot.com\/-zvvSHuWEhKc\/T5QS2HBAEKI\/AAAAAAAABm4\/K8Hi524I4XI\/s1600\/CAPA+P.JPG\"><img decoding=\"async\" style=\"display:block; margin:0px auto 10px; text-align:center;cursor:pointer; cursor:hand;width: 400px; height: 400px;\" src=\"http:\/\/3.bp.blogspot.com\/-zvvSHuWEhKc\/T5QS2HBAEKI\/AAAAAAAABm4\/K8Hi524I4XI\/s400\/CAPA+P.JPG\" border=\"0\" alt=\"\" id=\"BLOGGER_PHOTO_ID_5734228946354966690\" \/><\/a><a href=\"http:\/\/3.bp.blogspot.com\/-FoffAVZ-uuo\/T5QSywsRSvI\/AAAAAAAABms\/9eTYWhBGAw8\/s1600\/CONTRACAPA+P.JPG\"><img decoding=\"async\" style=\"display:block; margin:0px auto 10px; text-align:center;cursor:pointer; cursor:hand;width: 400px; height: 400px;\" src=\"http:\/\/3.bp.blogspot.com\/-FoffAVZ-uuo\/T5QSywsRSvI\/AAAAAAAABms\/9eTYWhBGAw8\/s400\/CONTRACAPA+P.JPG\" border=\"0\" alt=\"\" id=\"BLOGGER_PHOTO_ID_5734228888822827762\" \/><\/a>Bom dia, amigos cultos, ocultos e associados! H\u00e1 pouco mais de uma semana atr\u00e1s, eu postei aqui uma colet\u00e2nea com alguns variados momentos de shows do Projeto Pixinguinha. Foi uma maneira de levar a muitos de voc\u00eas a dica do maravilhoso <a href=\"http:\/\/www.funarte.gov.br\/\">site da Funarte<\/a>, que a cada dia vem nos apresentando um imenso tesouro de informa\u00e7\u00e3o e cultura. Infelizmente ainda pouco explorado. Entre tantas op\u00e7\u00f5es que l\u00e1 nos reserva temos o projeto <a href=\"http:\/\/www.funarte.gov.br\/brasilmemoriadasartes\/acervo\/o-projeto\">&#8220;Brasil &#8211; Mem\u00f3ria das Artes&#8221;<\/a>, uma iniciativa que procura promover a comunica\u00e7\u00e3o da Funarte com seu p\u00fablico, tornando  acess\u00edvel a todos o seu acervo da mem\u00f3ria cultural brasileira digitalizado. Entre esse, temos o Projeto Pixinguinha, uma s\u00e9rie memor\u00e1vel de espet\u00e1culos musicais que se iniciou em 1977. Nas p\u00e1ginas do <a href=\"http:\/\/www.funarte.gov.br\/brasilmemoriadasartes\/acervo\/pixinguinha\">Projeto Pixinguinha<\/a> a gente pode ouvir, na \u00edntegra, os registros sonoros dos diversos shows que aconteceram pelo Brasil a fora. \u00c9 realmente uma maravilha que a gente precisa mesmo compartilhar. Nas p\u00e1ginas do site s\u00f3 se \u00e9 poss\u00edvel ouvir as grava\u00e7\u00f5es, mas copiar esses registros para o computador \u00e9 coisa f\u00e1cil e com certeza, muita gente j\u00e1 tem feito. Sem d\u00favida, fica muito mais pr\u00e1tico ter acesso \u00e0s grava\u00e7\u00f5es j\u00e1 tendo elas em nosso computador. Acredito que quem tem uma conex\u00e3o fraca, mesmo de banda larga, acaba n\u00e3o conseguindo acessar aos shows sem picos de paralisa\u00e7\u00e3o e isso \u00e9 mesmo um saco! Foi tamb\u00e9m pensando nisso que eu decidi ir gradualmente postando esses shows. Vou editando todo o material, quando necess\u00e1rio at\u00e9 um remix, mas principalmente separando m\u00fasica por m\u00fasica, resultando assim num \u00e1lbum virtual, com direito a capa e contracapa. <\/p>\n<div>Neste que eu chamo de primeiro volume, temos <a href=\"http:\/\/www.funarte.gov.br\/brasilmemoriadasartes\/acervo\/pixinguinha\/as-freneticas-e-erasmo-em-turne-discoteca-e-rock-no-projeto-pixinguinha-de-1981\/\">o show de Erasmo Carlos, As Fren\u00e9ticas e o saudoso S\u00e9rgio Sampaio<\/a>. Essas edi\u00e7\u00f5es e postagens funcionar\u00e3o como iscas, um atrativo inicial que ir\u00e1 direcion\u00e1-los ao conte\u00fado informativo original. Em outras palavras, eu anuncio aqui, voc\u00eas escutam no GTM e completam as informa\u00e7\u00f5es no site da Funarte. Quem ainda n\u00e3o conhece o &#8220;<a href=\"http:\/\/www.funarte.gov.br\/brasilmemoriadasartes\/acervo\/pixinguinha\">Brasil Mem\u00f3ria das Artes<\/a>&#8220;, n\u00e3o sabe o que est\u00e1 perdendo. Vamos prestigiar!<\/div>\n<div><\/div>\n<div style=\"text-align: center;\">cala boca zebedu &#8211; sergio sampaio<\/div>\n<div style=\"text-align: center;\">meu pobre blues &#8211; sergio sampaio<\/div>\n<div style=\"text-align: center;\">eu quero \u00e9 botar meu bloco na rua -sergio sampaio<\/div>\n<div style=\"text-align: center;\">odara &#8211; as fren\u00e9ticas e sergio sampaio<\/div>\n<div style=\"text-align: center;\">a felicidade bate a porta &#8211; as fren\u00e9ticas e sergio sampaio<\/div>\n<div style=\"text-align: center;\">joujoux e balangand\u00e3s &#8211; as fren\u00e9ticas<\/div>\n<div style=\"text-align: center;\">linda morena &#8211; as fren\u00e9ticas<\/div>\n<div style=\"text-align: center;\">dancing days &#8211; as fren\u00e9ticas<\/div>\n<div style=\"text-align: center;\">perigosa &#8211; as fren\u00e9ticas<\/div>\n<div style=\"text-align: center;\">o preto que satisfaz &#8211; as fren\u00e9ticas<\/div>\n<div style=\"text-align: center;\">marcha da tietagem &#8211; as fren\u00e9ticas<\/div>\n<div style=\"text-align: center;\">vem quente \/ festa de arromba &#8211; as fren\u00e9ticas<\/div>\n<div style=\"text-align: center;\">o caderninho &#8211; erasmo carlos<\/div>\n<div style=\"text-align: center;\">o teu cabelo n\u00e3o nega &#8211; as fren\u00e9ticas<\/div>\n<div style=\"text-align: center;\">a beira do caminho &#8211; erasmo carlos<\/div>\n<div style=\"text-align: center;\">panorama ecol\u00f3gico &#8211; erasmo carlos<\/div>\n<div style=\"text-align: center;\">sou uma crian\u00e7a n\u00e3o entendo nada &#8211; erasmo carlos<\/div>\n<div style=\"text-align: center;\">se voc\u00ea pensa &#8211; erasmo carlos e as fren\u00e9ticas<\/div>\n<div style=\"text-align: center;\">filho \u00fanico &#8211; erasmo carlos<\/div>\n<div style=\"text-align: center;\">\u00e9 proibido fumar &#8211; erasmo carlos<\/div>\n<div style=\"text-align: center;\">negro gato &#8211; erasmo carlos<\/div>\n<div style=\"text-align: center;\"><\/div>\n<div style=\"text-align: center;\"><\/div>\n<div style=\"text-align: center;\"><\/div>\n","protected":false},"excerpt":{"rendered":"<p>Bom dia, amigos cultos, ocultos e associados! H\u00e1 pouco mais de uma semana atr\u00e1s, eu postei aqui uma colet\u00e2nea com alguns variados momentos de shows do Projeto Pixinguinha. Foi uma maneira de levar a muitos de voc\u00eas a dica do &hellip; <a href=\"https:\/\/www.toque-musicall.com\/?p=87\">Continue lendo <span class=\"meta-nav\">&rarr;<\/span><\/a><\/p>\n","protected":false},"author":1,"featured_media":0,"comment_status":"open","ping_status":"closed","sticky":false,"template":"","format":"standard","meta":{"footnotes":""},"categories":[166,149,11,62,165],"tags":[],"class_list":["post-87","post","type-post","status-publish","format-standard","hentry","category-as-freneticas","category-erasmo-carlos","category-exclusivos-do-toque-musical","category-projeto-pixinguinha","category-sergio-sampaio"],"_links":{"self":[{"href":"https:\/\/www.toque-musicall.com\/index.php?rest_route=\/wp\/v2\/posts\/87","targetHints":{"allow":["GET"]}}],"collection":[{"href":"https:\/\/www.toque-musicall.com\/index.php?rest_route=\/wp\/v2\/posts"}],"about":[{"href":"https:\/\/www.toque-musicall.com\/index.php?rest_route=\/wp\/v2\/types\/post"}],"author":[{"embeddable":true,"href":"https:\/\/www.toque-musicall.com\/index.php?rest_route=\/wp\/v2\/users\/1"}],"replies":[{"embeddable":true,"href":"https:\/\/www.toque-musicall.com\/index.php?rest_route=%2Fwp%2Fv2%2Fcomments&post=87"}],"version-history":[{"count":0,"href":"https:\/\/www.toque-musicall.com\/index.php?rest_route=\/wp\/v2\/posts\/87\/revisions"}],"wp:attachment":[{"href":"https:\/\/www.toque-musicall.com\/index.php?rest_route=%2Fwp%2Fv2%2Fmedia&parent=87"}],"wp:term":[{"taxonomy":"category","embeddable":true,"href":"https:\/\/www.toque-musicall.com\/index.php?rest_route=%2Fwp%2Fv2%2Fcategories&post=87"},{"taxonomy":"post_tag","embeddable":true,"href":"https:\/\/www.toque-musicall.com\/index.php?rest_route=%2Fwp%2Fv2%2Ftags&post=87"}],"curies":[{"name":"wp","href":"https:\/\/api.w.org\/{rel}","templated":true}]}}