{"id":8706,"date":"2021-08-13T19:07:43","date_gmt":"2021-08-13T22:07:43","guid":{"rendered":"https:\/\/www.toque-musicall.com\/?p=8706"},"modified":"2021-08-13T19:07:43","modified_gmt":"2021-08-13T22:07:43","slug":"trio-surdina-aquarela-do-brasil-1955","status":"publish","type":"post","link":"https:\/\/www.toque-musicall.com\/?p=8706","title":{"rendered":"Trio Surdina &#8211; Aquarela Do Brasil (1955)"},"content":{"rendered":"\n<figure class=\"wp-block-image size-large\"><img decoding=\"async\" src=\"https:\/\/1.bp.blogspot.com\/-rQ3VmRgC-Jc\/YRbkbXvdLzI\/AAAAAAAAUPw\/eKSj3_2ps-sA6qXFA0GbPVugIJJozdqWACLcBGAsYHQ\/w640-h636\/Captura%2Bde%2Btela%2B2021-08-13%2B091447.jpg\" alt=\"\"\/><\/figure>\n\n\n\n<figure class=\"wp-block-image size-large\"><img decoding=\"async\" src=\"https:\/\/1.bp.blogspot.com\/-ABvxrWu4KsI\/YRbkbW5Pt2I\/AAAAAAAAUP0\/DfZOT_j4cHUeLESqZtr-t8VFEYxPQ-R6wCLcBGAsYHQ\/w640-h638\/Captura%2Bde%2Btela%2B2021-08-13%2B091400.jpg\" alt=\"\"\/><\/figure>\n\n\n<div class=\"separator\">Boa noite, meus caros amigos cultos e ocultos! Um dos artistas\/grupos mais presentes em nosso Toque Musical \u00e9, sem d\u00favida, o Trio Surdina. N\u00e3o \u00e9 s\u00f3 por quest\u00e3o de gosto ou prefer\u00eancia, \u00e9 mesmo o bom acaso. Sempre aparece um no meu prato. Da\u00ed, porque n\u00e3o postar, n\u00e3o \u00e9 mesmo? \ud83d\ude42<\/div>\n<div class=\"separator\">Ent\u00e3o, em seu oitavo disco publicado por aqui, desta vez temos um dos mais cobi\u00e7ados de sua discografia, lp de polegadas lan\u00e7ado em 1955 pelo selo Musidisc, o &#8220;Aquarela do Brasil&#8221;. Neste pequeno lp temos como destaque a m\u00fasica de Ary Barroso, presente em tr\u00eas das oito faixas do disquinho e tamb\u00e9m \u00e9 uma delas que d\u00e1 nome ao lp. Dentro do repert\u00f3rio, tem ainda outros grandes cl\u00e1ssicos, m\u00fasicas de Boror\u00f3, Zequinha de Abreu, Hekel Tavares&#8230;\u00a0 Confiram no GTM&#8230;<\/div>\n<div class=\"separator\">\u00a0<\/div>\n<div class=\"separator\">aquarela do brasil<\/div>\n<div class=\"separator\">curare<\/div>\n<div class=\"separator\">tico tico no fub\u00e1<\/div>\n<div class=\"separator\">guacyra<\/div>\n<div class=\"separator\">meu lim\u00e3o meu limoeiro<\/div>\n<div class=\"separator\">rio<\/div>\n<div class=\"separator\">favela<\/div>\n<div class=\"separator\">terra seca<\/div>\n<div class=\"separator\">\u00a0<\/div>\n<div class=\"separator\">.<\/div>\n<div class=\"separator\">\u00a0<\/div>","protected":false},"excerpt":{"rendered":"<p>Boa noite, meus caros amigos cultos e ocultos! Um dos artistas\/grupos mais presentes em nosso Toque Musical \u00e9, sem d\u00favida, o Trio Surdina. N\u00e3o \u00e9 s\u00f3 por quest\u00e3o de gosto ou prefer\u00eancia, \u00e9 mesmo o bom acaso. Sempre aparece um &hellip; <a href=\"https:\/\/www.toque-musicall.com\/?p=8706\">Continue lendo <span class=\"meta-nav\">&rarr;<\/span><\/a><\/p>\n","protected":false},"author":1,"featured_media":0,"comment_status":"closed","ping_status":"closed","sticky":false,"template":"","format":"standard","meta":{"footnotes":""},"categories":[35,737],"tags":[3514,3528],"class_list":["post-8706","post","type-post","status-publish","format-standard","hentry","category-selo-musidisc","category-trio-surdina","tag-selo-musidisc","tag-trio-surdina"],"_links":{"self":[{"href":"https:\/\/www.toque-musicall.com\/index.php?rest_route=\/wp\/v2\/posts\/8706","targetHints":{"allow":["GET"]}}],"collection":[{"href":"https:\/\/www.toque-musicall.com\/index.php?rest_route=\/wp\/v2\/posts"}],"about":[{"href":"https:\/\/www.toque-musicall.com\/index.php?rest_route=\/wp\/v2\/types\/post"}],"author":[{"embeddable":true,"href":"https:\/\/www.toque-musicall.com\/index.php?rest_route=\/wp\/v2\/users\/1"}],"replies":[{"embeddable":true,"href":"https:\/\/www.toque-musicall.com\/index.php?rest_route=%2Fwp%2Fv2%2Fcomments&post=8706"}],"version-history":[{"count":1,"href":"https:\/\/www.toque-musicall.com\/index.php?rest_route=\/wp\/v2\/posts\/8706\/revisions"}],"predecessor-version":[{"id":8707,"href":"https:\/\/www.toque-musicall.com\/index.php?rest_route=\/wp\/v2\/posts\/8706\/revisions\/8707"}],"wp:attachment":[{"href":"https:\/\/www.toque-musicall.com\/index.php?rest_route=%2Fwp%2Fv2%2Fmedia&parent=8706"}],"wp:term":[{"taxonomy":"category","embeddable":true,"href":"https:\/\/www.toque-musicall.com\/index.php?rest_route=%2Fwp%2Fv2%2Fcategories&post=8706"},{"taxonomy":"post_tag","embeddable":true,"href":"https:\/\/www.toque-musicall.com\/index.php?rest_route=%2Fwp%2Fv2%2Ftags&post=8706"}],"curies":[{"name":"wp","href":"https:\/\/api.w.org\/{rel}","templated":true}]}}