{"id":8708,"date":"2021-08-14T09:35:00","date_gmt":"2021-08-14T12:35:00","guid":{"rendered":"https:\/\/www.toque-musicall.com\/?p=8708"},"modified":"2021-08-15T09:40:22","modified_gmt":"2021-08-15T12:40:22","slug":"orquestra-e-coro-dos-jardineiros-romanticos-rancho-das-flores-1961","status":"publish","type":"post","link":"https:\/\/www.toque-musicall.com\/?p=8708","title":{"rendered":"Orquestra E Coro Dos Jardineiros Rom\u00e2nticos &#8211; Rancho Das Flores (1961)"},"content":{"rendered":"\n<figure class=\"wp-block-image size-large\"><img decoding=\"async\" src=\"https:\/\/1.bp.blogspot.com\/-otq4xfn788I\/YRkBM_9_DCI\/AAAAAAAAUP8\/LiUffK1NULg91KJ2VwXusBtC7A_O_zfRACLcBGAsYHQ\/w638-h640\/Captura%2Bde%2Btela%2B2021-08-15%2B085227.jpg\" alt=\"\"\/><\/figure>\n\n\n\n<figure class=\"wp-block-image size-large\"><img decoding=\"async\" src=\"https:\/\/1.bp.blogspot.com\/-AyX8bkuf2x4\/YRkBNBeX0QI\/AAAAAAAAUQA\/uNFp4a-xXFI2Ji33_oqDRWmxDfIwf6eQgCLcBGAsYHQ\/w634-h640\/Captura%2Bde%2Btela%2B2021-08-15%2B085606.jpg\" alt=\"\"\/><\/figure>\n\n\n<div class=\"separator\">Bom dia, meus amigos cultos e ocultos! Temos hoje aqui um disco que vai soar muito bem para este nosso s\u00e1bado (e tamb\u00e9m em qualquer dia ou qualquer hora, com certeza). &#8220;Rancho das Flores&#8221;, com o c\u00f4ro dos &#8220;Jardineiros Rom\u00e2nticos&#8221; e orquestra, sob a reg\u00eancia e arranjos do maestro Ant\u00f4nio Arruda. Aqui temos, como o pr\u00f3prio t\u00edtulo anuncia, um estilo e um g\u00eanero musical que ficou conhecido como &#8216;marcha rancho&#8221;. Conforme define bem, o compositor Juracy Rago, no texto de contracapa deste lp, a macha-rancho \u00e9 um subg\u00eanero da marcha. Est\u00e1 entre a marchinha brejeira e a militar, tendo um lugar certo e definido no cancioneiro popular. Neste lp encontramos um repert\u00f3rio dos mais interessantes, com m\u00fasicas cl\u00e1ssicas do nosso repert\u00f3rio popular, que se encaixaram com perfei\u00e7\u00e3o ao proposto, tendo entre essas, inclusive composi\u00e7\u00f5es modernas para a \u00e9poca como as duas bossanovistas , &#8220;A Felicidade&#8221; e &#8220;Eu n\u00e3o existo sem voc\u00ea&#8221;, de Jobim e Vin\u00edcius. Disco muito bacana que merece o nosso toque musical. Confiram no GTM<\/div>\n<div class=\"separator\">\u00a0<\/div>\n<div class=\"separator\">rancho da flores<\/div>\n<div class=\"separator\">estrela do mar<\/div>\n<div class=\"separator\">mal-me-quer<\/div>\n<div class=\"separator\">n\u00e3o sabemos<\/div>\n<div class=\"separator\">carinho e amor<\/div>\n<div class=\"separator\">cachopa de branco<\/div>\n<div class=\"separator\">cad\u00ea mimi &#8211; linda mimi<\/div>\n<div class=\"separator\">a noite do meu bem<\/div>\n<div class=\"separator\">convitea lua<\/div>\n<div class=\"separator\">a felicidade<\/div>\n<div class=\"separator\">eu n\u00e3o existo sem voc\u00ea<\/div>\n<div class=\"separator\">a dama das cam\u00e9lias<\/div>\n<div class=\"separator\">\u00a0<\/div>\n<div class=\"separator\">.\u00a0<\/div>\n<div>\u00a0<\/div>","protected":false},"excerpt":{"rendered":"<p>Bom dia, meus amigos cultos e ocultos! Temos hoje aqui um disco que vai soar muito bem para este nosso s\u00e1bado (e tamb\u00e9m em qualquer dia ou qualquer hora, com certeza). &#8220;Rancho das Flores&#8221;, com o c\u00f4ro dos &#8220;Jardineiros Rom\u00e2nticos&#8221; &hellip; <a href=\"https:\/\/www.toque-musicall.com\/?p=8708\">Continue lendo <span class=\"meta-nav\">&rarr;<\/span><\/a><\/p>\n","protected":false},"author":1,"featured_media":0,"comment_status":"closed","ping_status":"closed","sticky":false,"template":"","format":"standard","meta":{"footnotes":""},"categories":[4688,4689,153],"tags":[4691,4690,3091],"class_list":["post-8708","post","type-post","status-publish","format-standard","hentry","category-antonio-arruda","category-coro-dos-jardineiros-romanticos","category-selo-rge","tag-antonio-arruda","tag-coro-dos-jardineiros-romanticos","tag-selo-rge"],"_links":{"self":[{"href":"https:\/\/www.toque-musicall.com\/index.php?rest_route=\/wp\/v2\/posts\/8708","targetHints":{"allow":["GET"]}}],"collection":[{"href":"https:\/\/www.toque-musicall.com\/index.php?rest_route=\/wp\/v2\/posts"}],"about":[{"href":"https:\/\/www.toque-musicall.com\/index.php?rest_route=\/wp\/v2\/types\/post"}],"author":[{"embeddable":true,"href":"https:\/\/www.toque-musicall.com\/index.php?rest_route=\/wp\/v2\/users\/1"}],"replies":[{"embeddable":true,"href":"https:\/\/www.toque-musicall.com\/index.php?rest_route=%2Fwp%2Fv2%2Fcomments&post=8708"}],"version-history":[{"count":1,"href":"https:\/\/www.toque-musicall.com\/index.php?rest_route=\/wp\/v2\/posts\/8708\/revisions"}],"predecessor-version":[{"id":8709,"href":"https:\/\/www.toque-musicall.com\/index.php?rest_route=\/wp\/v2\/posts\/8708\/revisions\/8709"}],"wp:attachment":[{"href":"https:\/\/www.toque-musicall.com\/index.php?rest_route=%2Fwp%2Fv2%2Fmedia&parent=8708"}],"wp:term":[{"taxonomy":"category","embeddable":true,"href":"https:\/\/www.toque-musicall.com\/index.php?rest_route=%2Fwp%2Fv2%2Fcategories&post=8708"},{"taxonomy":"post_tag","embeddable":true,"href":"https:\/\/www.toque-musicall.com\/index.php?rest_route=%2Fwp%2Fv2%2Ftags&post=8708"}],"curies":[{"name":"wp","href":"https:\/\/api.w.org\/{rel}","templated":true}]}}