{"id":871,"date":"2010-04-21T17:06:00","date_gmt":"2010-04-21T17:06:00","guid":{"rendered":"http:\/\/www.toque-musicall.com\/?p=871"},"modified":"2010-04-21T17:06:00","modified_gmt":"2010-04-21T17:06:00","slug":"airto-featuring-flora-purim-special-friends-the-essential-1976","status":"publish","type":"post","link":"https:\/\/www.toque-musicall.com\/?p=871","title":{"rendered":"Airto Featuring Flora Purim &#038; Special Friends &#8211; The Essential&#8230; (1976)"},"content":{"rendered":"<p><a href=\"http:\/\/1.bp.blogspot.com\/_DSKVEvHtskc\/S88zu_dkFrI\/AAAAAAAAGcI\/IbzaD4LIxtY\/s1600\/folder.jpg\"><img decoding=\"async\" style=\"TEXT-ALIGN: center; MARGIN: 0px auto 10px; WIDTH: 400px; DISPLAY: block; HEIGHT: 399px; CURSOR: hand\" id=\"BLOGGER_PHOTO_ID_5462641755426133682\" border=\"0\" alt=\"\" src=\"http:\/\/1.bp.blogspot.com\/_DSKVEvHtskc\/S88zu_dkFrI\/AAAAAAAAGcI\/IbzaD4LIxtY\/s400\/folder.jpg\" \/><\/a> Ol\u00e1s! Neste feriado de 21 de abril eu pensei em postar aqui um disco que tivesse algo a ver com a data. Pensei no Tiradentes, no Trancredo Neves, nos policiais civis e militares, na cidade de Bras\u00edlia e nos metal\u00fargicos. Todos merecedores de considera\u00e7\u00f5es no dia de hoje. Tenho at\u00e9 discos relacionados aos mesmos, mas para n\u00e3o dizerem que eu estou aproveitando da situa\u00e7\u00e3o, querendo me promover (promover em qu\u00ea?), decidi me focar em um outro assunto. Ou melhor, resolvi dedicar esta postagem ao amigo Chris Rousseau que est\u00e1 de viagem marcada para a Fran\u00e7a. Ele vai, mas volta logo, com certeza. Nesse meio tempo irei apresentando a voc\u00eas alguns trabalhos dele, que ir\u00e3o entrando ao longo das nossas &#8216;sextas feiras independentes&#8217;. Estou ainda em processo de confec\u00e7\u00e3o das artes das capinhas (e dependendo da aprova\u00e7\u00e3o do artista). Tem muita coisa legal, voc\u00eas ir\u00e3o gostar \ud83d\ude42<br \/>Segue assim este disco nota 10 do percussionista brasileiro radicado nos Estados Unidos, Airto Moreira. &#8220;The Essential&#8230;&#8221; \u00e9 um \u00e1lbum duplo (merecia ser triplo ou mais) que o instrumentista divide com a esposa e parceira Flora Purim e os convidados pr\u00e1 l\u00e1 de especiais, Sivuca, Hermeto Pascoal e Ron Carter. Posso dizer sem certeza, mas com convic\u00e7\u00e3o, que este disco foi o melhor lan\u00e7amento (no estilo) daquele ano. O \u00e1lbum, felizmente, saiu no Brasil no ano seguinte atrav\u00e9s da Tapecar. Foi lan\u00e7ado em edi\u00e7\u00e3o controlada pela gravadora americana Buddah Records. Quem tem o disco da edi\u00e7\u00e3o nacional sabe disso. Os selos trazem um n\u00famero de s\u00e9rie das c\u00f3pias produzidas, o que d\u00e1 ao disco um car\u00e1cter ainda mais raro. Musicalmente eu n\u00e3o me atrevo nem a comentar, visto que se trata de uma j\u00f3ia de extrema qualidade e beleza. As m\u00fasicas, quase todas, s\u00e3o do bruxo Hermeto que tamb\u00e9m \u00e9 o respons\u00e1vel pela dire\u00e7\u00e3o musical e arranjos. Um bel\u00edssimo trabalho, &#8216;but, made in USA&#8217;. Confiram j\u00e1 antes que jazz&#8230; \ud83d\ude42<\/p>\n<div align=\"center\">andei (i walked)<\/div>\n<div align=\"center\">o sonho (moon dreams)<\/div>\n<div align=\"center\">uri (wind)<\/div>\n<div align=\"center\">papo furado (live talking)<\/div>\n<div align=\"center\">juntos (we love)<\/div>\n<div align=\"center\">o galho da roseira (the branches of the rose tree)<\/div>\n<div align=\"center\">alu\u00ea<\/div>\n<div align=\"center\">xibaba<\/div>\n<div align=\"center\">terror<\/div>\n<div align=\"center\">bebe<\/div>\n<div align=\"center\">andei <\/div>\n<div align=\"center\">mixing<\/div>\n<div align=\"center\">the tunnel<\/div>\n<div align=\"center\">frevo<\/div>\n<div align=\"center\">liamba<\/div>\n<div align=\"center\"> <\/div>\n<div align=\"center\"> <\/div>\n","protected":false},"excerpt":{"rendered":"<p>Ol\u00e1s! Neste feriado de 21 de abril eu pensei em postar aqui um disco que tivesse algo a ver com a data. Pensei no Tiradentes, no Trancredo Neves, nos policiais civis e militares, na cidade de Bras\u00edlia e nos metal\u00fargicos. &hellip; <a href=\"https:\/\/www.toque-musicall.com\/?p=871\">Continue lendo <span class=\"meta-nav\">&rarr;<\/span><\/a><\/p>\n","protected":false},"author":1,"featured_media":0,"comment_status":"open","ping_status":"closed","sticky":false,"template":"","format":"standard","meta":{"footnotes":""},"categories":[574,1181,128,722],"tags":[],"class_list":["post-871","post","type-post","status-publish","format-standard","hentry","category-airto-moreira","category-flora-purin","category-hermeto-pascoal","category-sivuca"],"_links":{"self":[{"href":"https:\/\/www.toque-musicall.com\/index.php?rest_route=\/wp\/v2\/posts\/871","targetHints":{"allow":["GET"]}}],"collection":[{"href":"https:\/\/www.toque-musicall.com\/index.php?rest_route=\/wp\/v2\/posts"}],"about":[{"href":"https:\/\/www.toque-musicall.com\/index.php?rest_route=\/wp\/v2\/types\/post"}],"author":[{"embeddable":true,"href":"https:\/\/www.toque-musicall.com\/index.php?rest_route=\/wp\/v2\/users\/1"}],"replies":[{"embeddable":true,"href":"https:\/\/www.toque-musicall.com\/index.php?rest_route=%2Fwp%2Fv2%2Fcomments&post=871"}],"version-history":[{"count":0,"href":"https:\/\/www.toque-musicall.com\/index.php?rest_route=\/wp\/v2\/posts\/871\/revisions"}],"wp:attachment":[{"href":"https:\/\/www.toque-musicall.com\/index.php?rest_route=%2Fwp%2Fv2%2Fmedia&parent=871"}],"wp:term":[{"taxonomy":"category","embeddable":true,"href":"https:\/\/www.toque-musicall.com\/index.php?rest_route=%2Fwp%2Fv2%2Fcategories&post=871"},{"taxonomy":"post_tag","embeddable":true,"href":"https:\/\/www.toque-musicall.com\/index.php?rest_route=%2Fwp%2Fv2%2Ftags&post=871"}],"curies":[{"name":"wp","href":"https:\/\/api.w.org\/{rel}","templated":true}]}}