{"id":872,"date":"2010-04-20T09:42:00","date_gmt":"2010-04-20T09:42:00","guid":{"rendered":"http:\/\/www.toque-musicall.com\/?p=872"},"modified":"2010-04-20T09:42:00","modified_gmt":"2010-04-20T09:42:00","slug":"viva-voz-1979","status":"publish","type":"post","link":"https:\/\/www.toque-musicall.com\/?p=872","title":{"rendered":"Viva Voz (1979)"},"content":{"rendered":"<p><a href=\"http:\/\/4.bp.blogspot.com\/_DSKVEvHtskc\/S813gYvHQzI\/AAAAAAAAGb8\/R39LoohdnJM\/s1600\/viva+voz+P).JPG\"><img decoding=\"async\" style=\"TEXT-ALIGN: center; MARGIN: 0px auto 10px; WIDTH: 400px; DISPLAY: block; HEIGHT: 394px; CURSOR: hand\" id=\"BLOGGER_PHOTO_ID_5462153321349858098\" border=\"0\" alt=\"\" src=\"http:\/\/4.bp.blogspot.com\/_DSKVEvHtskc\/S813gYvHQzI\/AAAAAAAAGb8\/R39LoohdnJM\/s400\/viva+voz+P).JPG\" \/><\/a> E aqui vamos n\u00f3s entre tapas e beijos&#8230; Eu correndo contra o rel\u00f3gio, sem muito tempo para render assunto. Nossas postagens seguem em frente, porque o toque n\u00e3o pode parar.<br \/>Temos para hoje o grupo Viva Voz, um sexteto vocal dos mais interessantes surgido no final dos anos 70. Come\u00e7aram muito bem com este lp, lan\u00e7ado em 1979 pela EMI Odeon. Um trabalho produzido por Maur\u00edcio Tapaj\u00f3s, com participa\u00e7\u00e3o de grandes instrumentistas e tamb\u00e9m dos padrinhos Ivan Lins, Joyce e Djavan. As m\u00fasicas escolhidas s\u00e3o quase todas in\u00e9ditas e de autores de peso como os j\u00e1 citados e mais Milton Nascimento com Ferreira Gullar (ou Drummond),  Sergio Ricardo, Novelli, Villa Lobos e Paulo Cesar Pinheiro que tamb\u00e9m assina o texto da contracapa apresentando a mo\u00e7ada do grupo.<br \/>Realmente um disco muito bom, talvez o melhor dos que eles gravaram. Bem produzido, bem arranjado e j\u00e1 com a firmeza de um conjunto experiente. Muito bom, muito bem&#8230; Viva a voz!<\/p>\n<div align=\"center\">t\u00f4 aqui te esperando<\/div>\n<div align=\"center\">o trenzinho caipira<\/div>\n<div align=\"center\">a voz do brasil<\/div>\n<div align=\"center\">can\u00e7\u00e3o amiga<\/div>\n<div align=\"center\">lado do avesso<\/div>\n<div align=\"center\">conquistador<\/div>\n<div align=\"center\">desesperar jamais <\/div>\n<div align=\"center\">tomara<\/div>\n<div align=\"center\">sabor impune<\/div>\n<div align=\"center\">tarja cravada<\/div>\n<div align=\"center\">bela bela<\/div>\n<div align=\"center\"> <\/div>\n<div align=\"center\"> <\/div>\n","protected":false},"excerpt":{"rendered":"<p>E aqui vamos n\u00f3s entre tapas e beijos&#8230; Eu correndo contra o rel\u00f3gio, sem muito tempo para render assunto. Nossas postagens seguem em frente, porque o toque n\u00e3o pode parar.Temos para hoje o grupo Viva Voz, um sexteto vocal dos &hellip; <a href=\"https:\/\/www.toque-musicall.com\/?p=872\">Continue lendo <span class=\"meta-nav\">&rarr;<\/span><\/a><\/p>\n","protected":false},"author":1,"featured_media":0,"comment_status":"open","ping_status":"closed","sticky":false,"template":"","format":"standard","meta":{"footnotes":""},"categories":[1182],"tags":[],"class_list":["post-872","post","type-post","status-publish","format-standard","hentry","category-viva-voz"],"_links":{"self":[{"href":"https:\/\/www.toque-musicall.com\/index.php?rest_route=\/wp\/v2\/posts\/872","targetHints":{"allow":["GET"]}}],"collection":[{"href":"https:\/\/www.toque-musicall.com\/index.php?rest_route=\/wp\/v2\/posts"}],"about":[{"href":"https:\/\/www.toque-musicall.com\/index.php?rest_route=\/wp\/v2\/types\/post"}],"author":[{"embeddable":true,"href":"https:\/\/www.toque-musicall.com\/index.php?rest_route=\/wp\/v2\/users\/1"}],"replies":[{"embeddable":true,"href":"https:\/\/www.toque-musicall.com\/index.php?rest_route=%2Fwp%2Fv2%2Fcomments&post=872"}],"version-history":[{"count":0,"href":"https:\/\/www.toque-musicall.com\/index.php?rest_route=\/wp\/v2\/posts\/872\/revisions"}],"wp:attachment":[{"href":"https:\/\/www.toque-musicall.com\/index.php?rest_route=%2Fwp%2Fv2%2Fmedia&parent=872"}],"wp:term":[{"taxonomy":"category","embeddable":true,"href":"https:\/\/www.toque-musicall.com\/index.php?rest_route=%2Fwp%2Fv2%2Fcategories&post=872"},{"taxonomy":"post_tag","embeddable":true,"href":"https:\/\/www.toque-musicall.com\/index.php?rest_route=%2Fwp%2Fv2%2Ftags&post=872"}],"curies":[{"name":"wp","href":"https:\/\/api.w.org\/{rel}","templated":true}]}}