{"id":873,"date":"2010-04-19T08:58:00","date_gmt":"2010-04-19T08:58:00","guid":{"rendered":"http:\/\/www.toque-musicall.com\/?p=873"},"modified":"2010-04-19T08:58:00","modified_gmt":"2010-04-19T08:58:00","slug":"roberto-carlos-curiosas-raridades-dos-primeiros-anos-do-rei-1966","status":"publish","type":"post","link":"https:\/\/www.toque-musicall.com\/?p=873","title":{"rendered":"Roberto Carlos &#8211; Curiosas Raridades Dos Primeiros Anos Do Rei (1966)"},"content":{"rendered":"<p><a href=\"http:\/\/2.bp.blogspot.com\/_DSKVEvHtskc\/S8wb0Bn3IqI\/AAAAAAAAGbw\/uTdrffzMxHQ\/s1600\/roberto+carlos+P.JPG\"><img decoding=\"async\" style=\"TEXT-ALIGN: center; MARGIN: 0px auto 10px; WIDTH: 398px; DISPLAY: block; HEIGHT: 400px; CURSOR: hand\" id=\"BLOGGER_PHOTO_ID_5461771028696343202\" border=\"0\" alt=\"\" src=\"http:\/\/2.bp.blogspot.com\/_DSKVEvHtskc\/S8wb0Bn3IqI\/AAAAAAAAGbw\/uTdrffzMxHQ\/s400\/roberto+carlos+P.JPG\" \/><\/a>Bom dia, amigos cultos e ocultos! Hoje, dia 19 de abril, o Rei Roberto Carlos est\u00e1 completando 69 anos de vida. Vamos todos aplaudir e desejar juntos felicidades e muitos anos de vida. Que o Roberto possa ainda nos surpreender com suas cria\u00e7\u00f5es. Pessoalmente, venho esperando isso h\u00e1 mais de 35 anos! Parab\u00e9ns Roberto Carlos!<br \/>Para comemorar a data, improvisei rapidamente esta postagem, reunindo algumas grava\u00e7\u00f5es curiosas. S\u00e3o trechos gravados em est\u00fadio, mostrando um jovem Roberto Carlos ainda no processo de cria\u00e7\u00e3o de alguns de seus maiores sucessos. Tem tamb\u00e9m trechos de uma apresenta\u00e7\u00e3o do artista no Est\u00e1dio do Guarani, em 1966. Propagandas e televis\u00e3o. Ali\u00e1s, todo esse material me parece ter sido dessa \u00e9poca e n\u00e3o exatamente dos primeiros anos como indica a capa. Essas grava\u00e7\u00f5es me foram enviadas j\u00e1 faz tempo, nem me lembro mais quem foi. Contudo, esse material n\u00e3o \u00e9 nada in\u00e9dito e j\u00e1 esteve circulando pela rede h\u00e1 tempos atr\u00e1s. Eu apenas organizei. Est\u00e1 inclu\u00eddo tamb\u00e9m um disquinho de papel, propaganda promocional das canetas Sheaffer, onde temos a vers\u00e3o de sucesso, &#8220;O calhambeque&#8221;. Fa\u00e7o dessa forma a minha homenagem a um dos artistas mais popular da m\u00fasica brasileira de todos os tempos. Salve Roberto Carlos!<\/p>\n<div align=\"center\">coment\u00e1rio sobre a carreira<\/div>\n<div align=\"center\">s\u00f3 vou gostar de quem gosta de mim <\/div>\n<div align=\"center\">querem acabar comigo<\/div>\n<div align=\"center\">negro gato<\/div>\n<div align=\"center\">o g\u00eanio<\/div>\n<div align=\"center\">voc\u00ea vai perder seu bem<\/div>\n<div align=\"center\">namorada de um amigo meu<\/div>\n<div align=\"center\">a garota do baile<\/div>\n<div align=\"center\">coment\u00e1rio do loucutor da r\u00e1dio brasil<\/div>\n<div align=\"center\">festa de arromba<\/div>\n<div align=\"center\">quero que v\u00e1 tudo pro inferno<\/div>\n<div align=\"center\">homenagem do lyons club<\/div>\n<div align=\"center\">o calhambeque<\/div>\n<div align=\"center\">comercial da shell<\/div>\n<div align=\"center\">an\u00fancio do primeiro anivers\u00e1rio da jovem guarda<\/div>\n<div align=\"center\">propaganda da cal\u00e7a calhambeque<\/div>\n<div align=\"center\">encontro nacional da jovem guarda<\/div>\n<div align=\"center\">lan\u00e7amento da m\u00fasica &#8216;esquema&#8217;<\/div>\n<div align=\"center\">&#8216;medley&#8217; com erasmo e wanderl\u00e9a<\/div>\n<div align=\"center\">&#8216;medley&#8217; com v\u00e1rios artistas<\/div>\n<div align=\"center\">\u00e9 preciso saber viver<\/div>\n<div align=\"center\">o calhambeque<\/div>\n<div align=\"center\">parei na contra m\u00e3o e calhambeque<\/div>\n<div align=\"center\">que toquen la mariachi<\/div>\n<div align=\"center\">roberto carlos apresenta a jovem guarda (abertura do programa)<\/div>\n<div align=\"center\">o calhambeque (vers\u00e3o do disco de papel) <\/div>\n<div align=\"center\"> <\/div>\n<div align=\"center\">&#8230;<\/div>\n<div align=\"center\"><\/div>\n<div align=\"left\"><em>PS.: No momento em que eu preparei e publiquei esta postagem, ainda n\u00e3o sabia do ocorrido, do falecimento de Lady Laura, a m\u00e3e de Roberto Carlos.<\/em> <\/div>\n<div align=\"left\"><\/div>\n<div align=\"left\"><\/div>\n","protected":false},"excerpt":{"rendered":"<p>Bom dia, amigos cultos e ocultos! Hoje, dia 19 de abril, o Rei Roberto Carlos est\u00e1 completando 69 anos de vida. Vamos todos aplaudir e desejar juntos felicidades e muitos anos de vida. Que o Roberto possa ainda nos surpreender &hellip; <a href=\"https:\/\/www.toque-musicall.com\/?p=873\">Continue lendo <span class=\"meta-nav\">&rarr;<\/span><\/a><\/p>\n","protected":false},"author":1,"featured_media":0,"comment_status":"open","ping_status":"closed","sticky":false,"template":"","format":"standard","meta":{"footnotes":""},"categories":[766],"tags":[],"class_list":["post-873","post","type-post","status-publish","format-standard","hentry","category-roberto-carlos"],"_links":{"self":[{"href":"https:\/\/www.toque-musicall.com\/index.php?rest_route=\/wp\/v2\/posts\/873","targetHints":{"allow":["GET"]}}],"collection":[{"href":"https:\/\/www.toque-musicall.com\/index.php?rest_route=\/wp\/v2\/posts"}],"about":[{"href":"https:\/\/www.toque-musicall.com\/index.php?rest_route=\/wp\/v2\/types\/post"}],"author":[{"embeddable":true,"href":"https:\/\/www.toque-musicall.com\/index.php?rest_route=\/wp\/v2\/users\/1"}],"replies":[{"embeddable":true,"href":"https:\/\/www.toque-musicall.com\/index.php?rest_route=%2Fwp%2Fv2%2Fcomments&post=873"}],"version-history":[{"count":0,"href":"https:\/\/www.toque-musicall.com\/index.php?rest_route=\/wp\/v2\/posts\/873\/revisions"}],"wp:attachment":[{"href":"https:\/\/www.toque-musicall.com\/index.php?rest_route=%2Fwp%2Fv2%2Fmedia&parent=873"}],"wp:term":[{"taxonomy":"category","embeddable":true,"href":"https:\/\/www.toque-musicall.com\/index.php?rest_route=%2Fwp%2Fv2%2Fcategories&post=873"},{"taxonomy":"post_tag","embeddable":true,"href":"https:\/\/www.toque-musicall.com\/index.php?rest_route=%2Fwp%2Fv2%2Ftags&post=873"}],"curies":[{"name":"wp","href":"https:\/\/api.w.org\/{rel}","templated":true}]}}