{"id":8733,"date":"2021-08-20T19:52:00","date_gmt":"2021-08-20T22:52:00","guid":{"rendered":"https:\/\/www.toque-musicall.com\/?p=8733"},"modified":"2021-08-22T19:54:49","modified_gmt":"2021-08-22T22:54:49","slug":"ivon-curi-eu-em-portugal-1957","status":"publish","type":"post","link":"https:\/\/www.toque-musicall.com\/?p=8733","title":{"rendered":"Ivon Curi &#8211; Eu Em Portugal (1957)"},"content":{"rendered":"\n<figure class=\"wp-block-image size-large\"><img decoding=\"async\" src=\"https:\/\/1.bp.blogspot.com\/-B5rx4sjijuQ\/YSLIXmFsW6I\/AAAAAAAAUSQ\/FISrE4rGb84OnTIVgt3jioKzRLH0VJiywCLcBGAsYHQ\/w626-h640\/Captura%2Bde%2Btela%2B2021-08-22%2B081629.jpg\" alt=\"\"\/><\/figure>\n\n\n\n<figure class=\"wp-block-image size-large\"><img decoding=\"async\" src=\"https:\/\/1.bp.blogspot.com\/-CVhiaGENI60\/YSLIXnfRQkI\/AAAAAAAAUSU\/16J18buvzgY8DjL6drnjPIxYloTCn6zVgCLcBGAsYHQ\/w618-h640\/Captura%2Bde%2Btela%2B2021-08-22%2B082346.jpg\" alt=\"\"\/><\/figure>\n\n\n<div class=\"separator\">Boa noite, caros amigos cultos e ocultos! De vez em quanto eu costumo dar umas olhadas naquilo que j\u00e1 foi postado aqui no Toque Musical, principalmente quando estou a escolher os discos que irei ainda publicar. S\u00e3o tantas as emo\u00e7\u00f5es que as vezes eu fico na d\u00favida. S\u00e3o hoje mais de 4 mil t\u00edtulos\/discos, 14 anos de postagem! S\u00f3 mesmo com um index organizadinho, coisa que a gente s\u00f3 se d\u00e1 conta quando se chega nesse patamar. O certo \u00e9 que eu acreditava que j\u00e1 havia postado o disco que hoje apresento, &#8220;Ivon Curi &#8211; Eu em Portugal&#8221;. Na verdade, eu s\u00f3 publiquei mesmo o segundo volume e j\u00e1 faz um bom tempo. Assim sendo, vamos ent\u00e3o ao primeiro volume, ou melhor dizendo, o registro da primeira temporada, em 1956, quando ent\u00e3o &#8216;nosso Maurice Chevalier&#8217; pisou pela primeira vez no palco portugu\u00eas, do Teatro S\u00e3o Luiz, em Lisboa. Neste lp temos ent\u00e3o, condensado, o show de despedida, do \u00faltimo dia. Na contracapa do lp temos um relato do pr\u00f3prio artista a respeito do show e do disco. Assim, a \u00fanica coisa que tenho a acrescentar \u00e9 que tamb\u00e9m estou ativando no GTM o link do segundo disco, que por acaso saiu aqui primeiro. Por se tratar de um show e no disco n\u00e3o haver pausa ou faixas, temos apenas dois arquivos de \u00e1udio, lado A e lado B. Confiram no grupo&#8230;<\/div>\n<div class=\"separator\">\u00a0<\/div>\n<div class=\"separator\">meu abra\u00e7o a portugal<\/div>\n<div class=\"separator\">isto n\u00e3o se aprende na escola<\/div>\n<div class=\"separator\">garota coquete<\/div>\n<div class=\"separator\">\u00e9 mi\u00f3 te aquiet\u00e1<\/div>\n<div class=\"separator\">conversa de botequim<\/div>\n<div class=\"separator\">o xote da meninas<\/div>\n<div class=\"separator\">sinfonia do apartamento<\/div>\n<div class=\"separator\">m\u00e3o na m\u00e3o<\/div>\n<div class=\"separator\">can\u00e7\u00e3o pessimista<\/div>\n<div class=\"separator\">farinhada<\/div>\n<div class=\"separator\">se deus quiser<\/div>\n<div class=\"separator\">jo\u00e3o bobo<\/div>\n<div class=\"separator\">\u00a0<\/div>\n<div class=\"separator\">\u00a0<\/div>\n<div class=\"separator\">.\u00a0<\/div>","protected":false},"excerpt":{"rendered":"<p>Boa noite, caros amigos cultos e ocultos! De vez em quanto eu costumo dar umas olhadas naquilo que j\u00e1 foi postado aqui no Toque Musical, principalmente quando estou a escolher os discos que irei ainda publicar. S\u00e3o tantas as emo\u00e7\u00f5es &hellip; <a href=\"https:\/\/www.toque-musicall.com\/?p=8733\">Continue lendo <span class=\"meta-nav\">&rarr;<\/span><\/a><\/p>\n","protected":false},"author":1,"featured_media":0,"comment_status":"closed","ping_status":"closed","sticky":false,"template":"","format":"standard","meta":{"footnotes":""},"categories":[612,70],"tags":[4718,3061],"class_list":["post-8733","post","type-post","status-publish","format-standard","hentry","category-ivon-curi","category-selo-rca-victor","tag-ivon-curi","tag-selo-rca-victor"],"_links":{"self":[{"href":"https:\/\/www.toque-musicall.com\/index.php?rest_route=\/wp\/v2\/posts\/8733","targetHints":{"allow":["GET"]}}],"collection":[{"href":"https:\/\/www.toque-musicall.com\/index.php?rest_route=\/wp\/v2\/posts"}],"about":[{"href":"https:\/\/www.toque-musicall.com\/index.php?rest_route=\/wp\/v2\/types\/post"}],"author":[{"embeddable":true,"href":"https:\/\/www.toque-musicall.com\/index.php?rest_route=\/wp\/v2\/users\/1"}],"replies":[{"embeddable":true,"href":"https:\/\/www.toque-musicall.com\/index.php?rest_route=%2Fwp%2Fv2%2Fcomments&post=8733"}],"version-history":[{"count":1,"href":"https:\/\/www.toque-musicall.com\/index.php?rest_route=\/wp\/v2\/posts\/8733\/revisions"}],"predecessor-version":[{"id":8734,"href":"https:\/\/www.toque-musicall.com\/index.php?rest_route=\/wp\/v2\/posts\/8733\/revisions\/8734"}],"wp:attachment":[{"href":"https:\/\/www.toque-musicall.com\/index.php?rest_route=%2Fwp%2Fv2%2Fmedia&parent=8733"}],"wp:term":[{"taxonomy":"category","embeddable":true,"href":"https:\/\/www.toque-musicall.com\/index.php?rest_route=%2Fwp%2Fv2%2Fcategories&post=8733"},{"taxonomy":"post_tag","embeddable":true,"href":"https:\/\/www.toque-musicall.com\/index.php?rest_route=%2Fwp%2Fv2%2Ftags&post=8733"}],"curies":[{"name":"wp","href":"https:\/\/api.w.org\/{rel}","templated":true}]}}