{"id":8737,"date":"2021-08-22T22:28:00","date_gmt":"2021-08-23T01:28:00","guid":{"rendered":"https:\/\/www.toque-musicall.com\/?p=8737"},"modified":"2021-08-23T22:31:26","modified_gmt":"2021-08-24T01:31:26","slug":"brasilia-ritmos-ritmos-do-brasil-1959","status":"publish","type":"post","link":"https:\/\/www.toque-musicall.com\/?p=8737","title":{"rendered":"Bras\u00edlia Ritmos &#8211; Ritmos Do Brasil (1959)"},"content":{"rendered":"\n<figure class=\"wp-block-image size-large\"><img decoding=\"async\" src=\"https:\/\/1.bp.blogspot.com\/-IStAZEx5ipg\/YSRCwSSI-II\/AAAAAAAAUS0\/RGot6iaKvmghjArkQ2JPXxO3UOqJzByogCLcBGAsYHQ\/w640-h634\/Captura%2Bde%2Btela%2B2021-08-23%2B212602.jpg\" alt=\"\"\/><\/figure>\n\n\n\n<figure class=\"wp-block-image size-large\"><img decoding=\"async\" src=\"https:\/\/1.bp.blogspot.com\/-nPEJbWktgIY\/YSRCwSvHVuI\/AAAAAAAAUSw\/-rD7fIZDnVwgu9Y4w-isMJaSeDIynQ64wCLcBGAsYHQ\/w640-h632\/Captura%2Bde%2Btela%2B2021-08-23%2B213146.jpg\" alt=\"\"\/><\/figure>\n\n\n<div class=\"separator\">Salve, salve&#8230; amigos cultos e ocultos! Aqui vamos n\u00f3s trazendo mais um grande toque musical. Desta vez temos o intitulado conjunto &#8220;Bras\u00edlia Ritmos&#8221;, nome dado a um grupo de artistas que excursionou pela Europa, em 1959, dentro de um projeto cultural destinado a promover a cultura e a m\u00fasica popular brasileira. Esta foi a segunda excurs\u00e3o promovida por uma lei federal, que no ano anterior levou um outro grupo, chamado de &#8220;Os Brasileiros&#8221; e que fez l\u00e1 fora muito sucesso, o que levou a essa segunda investida. Tanto a grupo da primeira viagem, quando este segundo tiveram registros em discos pela Odeon. Inclusive, os discos chegaram a ser lan\u00e7ados tamb\u00e9m l\u00e1 fora, atrav\u00e9s do selo Parlophone, inclusive em compacto de 45 rpm. Curiosamente, tamb\u00e9m, este lp teve outros relan\u00e7amentos com algumas diferen\u00e7as na capa, criada por Cesar Vilela, com foto do Chico Pereira. O conjunto Bras\u00edlia Ritmos dessa excurs\u00e3o trazia nomes como Waldir Azevedo, Sivuca, Jorge Santos, Ti\u00e3o Marinho, Trio Fluminense e outros mais. Na contracapa temos um texto de Humberto Teixeira detalhando melhor essa produ\u00e7\u00e3o. O repert\u00f3rio \u00e9 cheio de samba, choro e at\u00e9 frevo, cl\u00e1ssicos imortais da nossa can\u00e7\u00e3o popular. Disco realmente maravilhoso que por certo, n\u00e3o poderia faltar por aqui. Vamos conferir?<\/div>\n<div class=\"separator\">\u00a0<\/div>\n<div class=\"separator\">v\u00ea se gostas<\/div>\n<div class=\"separator\">mangiric\u00e3o<\/div>\n<div class=\"separator\">sivuca no frevo<\/div>\n<div class=\"separator\">delicado<\/div>\n<div class=\"separator\">na gl\u00f3ria<\/div>\n<div class=\"separator\">eu n\u00e3o morro sem ver paris<\/div>\n<div class=\"separator\">\u00e9 luxo s\u00f3<\/div>\n<div class=\"separator\">brasileirinho<\/div>\n<div class=\"separator\">mulata assanhada<\/div>\n<div class=\"separator\">o apito no samba<\/div>\n<div class=\"separator\">sinfonia do caf\u00e9<\/div>\n<div class=\"separator\">copacabana<\/div>\n<div class=\"separator\">\u00a0<\/div>\n<div class=\"separator\">\u00a0<\/div>\n<div class=\"separator\">.<\/div>","protected":false},"excerpt":{"rendered":"<p>Salve, salve&#8230; amigos cultos e ocultos! Aqui vamos n\u00f3s trazendo mais um grande toque musical. Desta vez temos o intitulado conjunto &#8220;Bras\u00edlia Ritmos&#8221;, nome dado a um grupo de artistas que excursionou pela Europa, em 1959, dentro de um projeto &hellip; <a href=\"https:\/\/www.toque-musicall.com\/?p=8737\">Continue lendo <span class=\"meta-nav\">&rarr;<\/span><\/a><\/p>\n","protected":false},"author":1,"featured_media":0,"comment_status":"closed","ping_status":"closed","sticky":false,"template":"","format":"standard","meta":{"footnotes":""},"categories":[4719,86],"tags":[],"class_list":["post-8737","post","type-post","status-publish","format-standard","hentry","category-brasilia-ritmos","category-selo-odeon"],"_links":{"self":[{"href":"https:\/\/www.toque-musicall.com\/index.php?rest_route=\/wp\/v2\/posts\/8737","targetHints":{"allow":["GET"]}}],"collection":[{"href":"https:\/\/www.toque-musicall.com\/index.php?rest_route=\/wp\/v2\/posts"}],"about":[{"href":"https:\/\/www.toque-musicall.com\/index.php?rest_route=\/wp\/v2\/types\/post"}],"author":[{"embeddable":true,"href":"https:\/\/www.toque-musicall.com\/index.php?rest_route=\/wp\/v2\/users\/1"}],"replies":[{"embeddable":true,"href":"https:\/\/www.toque-musicall.com\/index.php?rest_route=%2Fwp%2Fv2%2Fcomments&post=8737"}],"version-history":[{"count":1,"href":"https:\/\/www.toque-musicall.com\/index.php?rest_route=\/wp\/v2\/posts\/8737\/revisions"}],"predecessor-version":[{"id":8738,"href":"https:\/\/www.toque-musicall.com\/index.php?rest_route=\/wp\/v2\/posts\/8737\/revisions\/8738"}],"wp:attachment":[{"href":"https:\/\/www.toque-musicall.com\/index.php?rest_route=%2Fwp%2Fv2%2Fmedia&parent=8737"}],"wp:term":[{"taxonomy":"category","embeddable":true,"href":"https:\/\/www.toque-musicall.com\/index.php?rest_route=%2Fwp%2Fv2%2Fcategories&post=8737"},{"taxonomy":"post_tag","embeddable":true,"href":"https:\/\/www.toque-musicall.com\/index.php?rest_route=%2Fwp%2Fv2%2Ftags&post=8737"}],"curies":[{"name":"wp","href":"https:\/\/api.w.org\/{rel}","templated":true}]}}