{"id":874,"date":"2010-04-16T10:09:00","date_gmt":"2010-04-16T10:09:00","guid":{"rendered":"http:\/\/www.toque-musicall.com\/?p=874"},"modified":"2010-04-16T10:09:00","modified_gmt":"2010-04-16T10:09:00","slug":"tibor-e-sua-orquestra-ray-o-vac-apresenta-sdata","status":"publish","type":"post","link":"https:\/\/www.toque-musicall.com\/?p=874","title":{"rendered":"Tibor E Sua Orquestra &#8211; Ray-O-Vac Apresenta (s\/data)"},"content":{"rendered":"<p><a href=\"http:\/\/3.bp.blogspot.com\/_DSKVEvHtskc\/S8g3946xi8I\/AAAAAAAAGbM\/E4KT9rAHvnE\/s1600\/tibor+P.JPG\"><img decoding=\"async\" style=\"TEXT-ALIGN: center; MARGIN: 0px auto 10px; WIDTH: 400px; DISPLAY: block; HEIGHT: 396px; CURSOR: hand\" id=\"BLOGGER_PHOTO_ID_5460676084577176514\" border=\"0\" alt=\"\" src=\"http:\/\/3.bp.blogspot.com\/_DSKVEvHtskc\/S8g3946xi8I\/AAAAAAAAGbM\/E4KT9rAHvnE\/s400\/tibor+P.JPG\" \/><\/a>Bom dia, amigos cultos e ocultos! A sexta-feira, j\u00e1 se tornou um dia prop\u00edcio para postagem de \u00e1lbuns e artistas independentes, fora do eixo das grande gravadoras. Acredito, todos j\u00e1 sabem disso, mas \u00e9 sempre bom lembrar e esclarecer aos novos visitantes. O disco de hoje, talvez n\u00e3o seja exatamente um \u00e1lbum independente. Lan\u00e7ado como promo\u00e7\u00e3o das pilhas Ray-O-Vac, atrav\u00e9s de um obscuro selo PAT Records, este lp nos traz um encontro exclusivo com o maestro e arranjador Tibor Reisner e sua orquestra. Por certo, a maioria das pessoas n\u00e3o fazem ideia de quem foi este m\u00fasico. H\u00fangaro naturalizado brasileiro, o maestro Tibor viveu e atuou em Joinville &#8211; SC por muitos anos. Foi regente da extinta Orquestra Filarm\u00f4nica-Lyra e diretor da Escola de M\u00fasica Villa Lobos, ambas nessa cidade. Nos \u00faltimos anos de vida mudou-se para S\u00e3o Paulo, depois de ter amargado o desgosto de n\u00e3o conseguir criar em sua cidade uma Orquestra Sinf\u00f4nica. Segundo informa\u00e7\u00f5es, ele vivia sozinho em S\u00e3o Paulo. J\u00e1 doente, foi resgatado por amigos e levado de volta a Joinville. Seu \u00fanico parente era uma irm\u00e3 que veio da Alemanha para cuidar dele. Levou-o de volta para a capital paulista para tratamentos. Faleceu aos 73 anos, em 1999. Deixou uma obra volumosa, in\u00e9dita e inacaba.<br \/>Neste \u00e1lbum promocional, encontramos o arranjador, regente e instrumentista a frente de uma pequena orquestra formada por m\u00fasicos estudantes, possivelmente da sua Escola de M\u00fasica Villa Lobos. O repert\u00f3rio, dividido em sete faixas em &#8216;pot pourri&#8217;, apresenta uma s\u00e9rie mista com temas nacionais e internacionais. H\u00e1 tamb\u00e9m uma faixa autoral, &#8220;watakashi to anata&#8221;. Um trabalho feito exclusivamente para o disco promocional das populares pilhas &#8216;amarelinhas&#8217;, agradando a todo tipo de p\u00fablico da \u00e9poca.<\/p>\n<div align=\"center\">now and forever<\/div>\n<div align=\"center\">mexican market day<\/div>\n<div align=\"center\">the happy trumpeter<\/div>\n<div align=\"center\">esc\u00e2ndalo em fam\u00edlia<\/div>\n<div align=\"center\">michael (aleluia)<\/div>\n<div align=\"center\">algu\u00e9m na multid\u00e3o<\/div>\n<div align=\"center\">garota moderna<\/div>\n<div align=\"center\">tristeza<\/div>\n<div align=\"center\">on the street where you live<\/div>\n<div align=\"center\">around the world in 80 days<\/div>\n<div align=\"center\">hello dolly<\/div>\n<div align=\"center\">watakashi to anata<\/div>\n<div align=\"center\">michelle<\/div>\n<div align=\"center\">emo\u00e7\u00e3o<\/div>\n<div align=\"center\"><\/div>\n<div align=\"center\"><\/div>\n","protected":false},"excerpt":{"rendered":"<p>Bom dia, amigos cultos e ocultos! A sexta-feira, j\u00e1 se tornou um dia prop\u00edcio para postagem de \u00e1lbuns e artistas independentes, fora do eixo das grande gravadoras. Acredito, todos j\u00e1 sabem disso, mas \u00e9 sempre bom lembrar e esclarecer aos &hellip; <a href=\"https:\/\/www.toque-musicall.com\/?p=874\">Continue lendo <span class=\"meta-nav\">&rarr;<\/span><\/a><\/p>\n","protected":false},"author":1,"featured_media":0,"comment_status":"open","ping_status":"closed","sticky":false,"template":"","format":"standard","meta":{"footnotes":""},"categories":[1183],"tags":[],"class_list":["post-874","post","type-post","status-publish","format-standard","hentry","category-tibor-reisner"],"_links":{"self":[{"href":"https:\/\/www.toque-musicall.com\/index.php?rest_route=\/wp\/v2\/posts\/874","targetHints":{"allow":["GET"]}}],"collection":[{"href":"https:\/\/www.toque-musicall.com\/index.php?rest_route=\/wp\/v2\/posts"}],"about":[{"href":"https:\/\/www.toque-musicall.com\/index.php?rest_route=\/wp\/v2\/types\/post"}],"author":[{"embeddable":true,"href":"https:\/\/www.toque-musicall.com\/index.php?rest_route=\/wp\/v2\/users\/1"}],"replies":[{"embeddable":true,"href":"https:\/\/www.toque-musicall.com\/index.php?rest_route=%2Fwp%2Fv2%2Fcomments&post=874"}],"version-history":[{"count":0,"href":"https:\/\/www.toque-musicall.com\/index.php?rest_route=\/wp\/v2\/posts\/874\/revisions"}],"wp:attachment":[{"href":"https:\/\/www.toque-musicall.com\/index.php?rest_route=%2Fwp%2Fv2%2Fmedia&parent=874"}],"wp:term":[{"taxonomy":"category","embeddable":true,"href":"https:\/\/www.toque-musicall.com\/index.php?rest_route=%2Fwp%2Fv2%2Fcategories&post=874"},{"taxonomy":"post_tag","embeddable":true,"href":"https:\/\/www.toque-musicall.com\/index.php?rest_route=%2Fwp%2Fv2%2Ftags&post=874"}],"curies":[{"name":"wp","href":"https:\/\/api.w.org\/{rel}","templated":true}]}}