{"id":8743,"date":"2021-08-25T09:40:00","date_gmt":"2021-08-25T12:40:00","guid":{"rendered":"https:\/\/www.toque-musicall.com\/?p=8743"},"modified":"2021-08-26T09:42:09","modified_gmt":"2021-08-26T12:42:09","slug":"los-latinos-cha-cha-cha-boleros-1956","status":"publish","type":"post","link":"https:\/\/www.toque-musicall.com\/?p=8743","title":{"rendered":"Los Latinos &#8211; Cha Cha Cha Boleros (1956)"},"content":{"rendered":"\n<figure class=\"wp-block-image size-large\"><img decoding=\"async\" src=\"https:\/\/1.bp.blogspot.com\/-tmaKj-SYE9I\/YSd-YsD_nEI\/AAAAAAAAUTk\/ZiQyLVqYPuU17nqCj3Yw3YLSvDmF4nNlgCLcBGAsYHQ\/w640-h640\/Captura%2Bde%2Btela%2B2021-08-26%2B002318.jpg\" alt=\"\"\/><\/figure>\n\n\n\n<figure class=\"wp-block-image size-large\"><img decoding=\"async\" src=\"https:\/\/1.bp.blogspot.com\/-FKI1rIJ0fJU\/YSd-Yq2ecRI\/AAAAAAAAUTo\/MOgXfhEzlNsae0--tLlbfpmYZnzrCHYgwCLcBGAsYHQ\/w640-h614\/Captura%2Bde%2Btela%2B2021-08-26%2B002650.jpg\" alt=\"\"\/><\/figure>\n\n\n<div class=\"separator\">Muito bom dia, meus caros amigos cultos e ocultos! Nos anos 50 a m\u00fasica cubana e os ritmos latinos estavam em alta pelo mundo. Era sucesso nos Estados Unidos e por conseguinte, ecoava pelo mundo e aqui no Brasil n\u00e3o seria diferente. Muito se investiu nesse g\u00eanero musical as nossas gravadoras, as r\u00e1dios e seus artistas. A Musidisc, de Nilo S\u00e9rgio, foi uma das gravadoras\/selo que muito explorou e com requintes o que vinha de fora, sempre lan\u00e7ando discos que de imediato conquistava o p\u00fablico j\u00e1 pelas capas. Primeiro com os discos de 10 polegadas, como este que aqui apresento. Depois vieram as produ\u00e7\u00f5es em 12&#8242; bem diferenciada, requintada para ser mais exato, em \u00e1lbuns de capas duplas e algumas at\u00e9 um tanto conceituais. Eita, como era bom aquele in\u00edcio da nova ind\u00fastria fonogr\u00e1fica! Momento de ouro, com certeza, que durou at\u00e9 os anos 60. Logo depois a ind\u00fastria fonogr\u00e1fica se moderniza durante os anos 70 at\u00e9 entrar em decl\u00ednio no in\u00edcio dos 90. Da\u00ed pra frente qualquer tentativa de retorno \u00e9 puramente passional, nost\u00e1lgica&#8230; reverbera\u00e7\u00e3o do que realmente foi a m\u00fasica e essa ind\u00fastria fonogr\u00e1fica, hoje inexistente. Mas ainda assim \u00e9 um alento para pessoas como n\u00f3s, que vivemos esse passado e temos hoje essa sensa\u00e7\u00e3o de que tudo est\u00e1 de volta. Vamos nos enganando, colocando nossos discos para rodar, pois ainda somos muitos e essa onda \u00e9 mesmo uma cacha\u00e7a.<\/div>\n<div class=\"separator\">Ent\u00e3o, temos aqui este lp de 10 polegadas, lan\u00e7ado pela Musidisc, em 1956. Eis a\u00ed um albinho que chama a aten\u00e7\u00e3o, logo pela capa, um trabalho de arte gr\u00e1fica de primeir\u00edssima. N\u00e3o duvido nada que tenha sido inspirada em algum lan\u00e7amento estrangeiro, mas ainda assim \u00e9 bel\u00edssima. Capa bacana, mas ainda assim, pecando pela falta de informa\u00e7\u00f5es, que se limitam a frente e aos selos. A contracapa, como podemos ver \u00e9 somente um mostru\u00e1rio das dezenas de discos publicados por esse selo. Por\u00e9m, n\u00e3o deixa de ser tamb\u00e9m um informativo do cat\u00e1logo da gravadora. O fato \u00e9 que sem as informa\u00e7\u00f5es sobre a produ\u00e7\u00e3o deste lp fica mesmo dif\u00edcil encontrar dados sobre quem realmente eram\u00a0 &#8220;Los Latinos&#8221;, pois nesse per\u00edodo, outros discos tamb\u00e9m aparecem com essa nomenclatura, inclusive discos de artistas estrangeiros. Mas creio que n\u00e3o \u00e9 o caso aqui. Por certo, &#8220;Los Latinos&#8221; era um grupo de est\u00fadio, com m\u00fasicos do &#8216;cast&#8217; da Musidisc. Inclusive, quando surge os discos de 12 polegadas, Nilo S\u00e9rgio, atrav\u00e9s de seu outro selo Nilser, lan\u00e7a nos final dos anos 50 sua s\u00e9rie de \u00e1lbuns com capas luxuosas e conceituais e entre esses &#8220;Latino Fant\u00e1stico&#8221;, com Rubens Bassini Y Los Latinos (disca\u00e7o, por sinal). Mas acredito que n\u00e3o seja o mesmo time de m\u00fasicos e nem a participa\u00e7\u00e3o do genial percussionista Rubens Bassini. Infelizmente, pela internet e como sempre, n\u00e3o h\u00e1 muito o que encontrar, al\u00e9m de an\u00fancios de vendas, refer\u00eancias incompletas em sites que n\u00e3o passam de\u00a0 indexadores de t\u00edtulos fonogr\u00e1ficos. Quanto ao repert\u00f3rio, esse, embora com apenas oito faixas, nos traz de um lado quatro mambos e do outro quatro cha-cha-cha, todos deliciosamente cubanos, ou inspirados no momento como \u00e9 o caso da faixa, &#8220;Blue Cha-cha-cha&#8221;, de autoria do pr\u00f3prio Nilo S\u00e9rgio. Disquinho bacana, imperd\u00edvel e que primeiramente voc\u00eas s\u00f3 encontrar\u00e3o aqui e no GTM \ud83d\ude09<\/div>\n<div class=\"separator\">\u00a0<\/div>\n<div class=\"separator\">sweet and gentle<\/div>\n<div class=\"separator\">esto es cha cha cha<\/div>\n<div class=\"separator\">blue cha chac cha<\/div>\n<div class=\"separator\">cubanacan<\/div>\n<div class=\"separator\">malague\u00f1a<\/div>\n<div class=\"separator\">el cuco<\/div>\n<div class=\"separator\">andalucia<\/div>\n<div class=\"separator\">mambo n\u00ba5<\/div>\n<div class=\"separator\">\u00a0<\/div>\n<div class=\"separator\">.<\/div>\n<div class=\"separator\">\u00a0<\/div>","protected":false},"excerpt":{"rendered":"<p>Muito bom dia, meus caros amigos cultos e ocultos! Nos anos 50 a m\u00fasica cubana e os ritmos latinos estavam em alta pelo mundo. Era sucesso nos Estados Unidos e por conseguinte, ecoava pelo mundo e aqui no Brasil n\u00e3o &hellip; <a href=\"https:\/\/www.toque-musicall.com\/?p=8743\">Continue lendo <span class=\"meta-nav\">&rarr;<\/span><\/a><\/p>\n","protected":false},"author":1,"featured_media":0,"comment_status":"closed","ping_status":"closed","sticky":false,"template":"","format":"standard","meta":{"footnotes":""},"categories":[4724,35],"tags":[4725,3514],"class_list":["post-8743","post","type-post","status-publish","format-standard","hentry","category-los-latinos","category-selo-musidisc","tag-los-latinos","tag-selo-musidisc"],"_links":{"self":[{"href":"https:\/\/www.toque-musicall.com\/index.php?rest_route=\/wp\/v2\/posts\/8743","targetHints":{"allow":["GET"]}}],"collection":[{"href":"https:\/\/www.toque-musicall.com\/index.php?rest_route=\/wp\/v2\/posts"}],"about":[{"href":"https:\/\/www.toque-musicall.com\/index.php?rest_route=\/wp\/v2\/types\/post"}],"author":[{"embeddable":true,"href":"https:\/\/www.toque-musicall.com\/index.php?rest_route=\/wp\/v2\/users\/1"}],"replies":[{"embeddable":true,"href":"https:\/\/www.toque-musicall.com\/index.php?rest_route=%2Fwp%2Fv2%2Fcomments&post=8743"}],"version-history":[{"count":1,"href":"https:\/\/www.toque-musicall.com\/index.php?rest_route=\/wp\/v2\/posts\/8743\/revisions"}],"predecessor-version":[{"id":8744,"href":"https:\/\/www.toque-musicall.com\/index.php?rest_route=\/wp\/v2\/posts\/8743\/revisions\/8744"}],"wp:attachment":[{"href":"https:\/\/www.toque-musicall.com\/index.php?rest_route=%2Fwp%2Fv2%2Fmedia&parent=8743"}],"wp:term":[{"taxonomy":"category","embeddable":true,"href":"https:\/\/www.toque-musicall.com\/index.php?rest_route=%2Fwp%2Fv2%2Fcategories&post=8743"},{"taxonomy":"post_tag","embeddable":true,"href":"https:\/\/www.toque-musicall.com\/index.php?rest_route=%2Fwp%2Fv2%2Ftags&post=8743"}],"curies":[{"name":"wp","href":"https:\/\/api.w.org\/{rel}","templated":true}]}}