{"id":8749,"date":"2021-08-27T19:53:00","date_gmt":"2021-08-27T22:53:00","guid":{"rendered":"https:\/\/www.toque-musicall.com\/?p=8749"},"modified":"2021-08-28T19:55:33","modified_gmt":"2021-08-28T22:55:33","slug":"vicente-celestino-em-suas-cancoes-celebres-1957","status":"publish","type":"post","link":"https:\/\/www.toque-musicall.com\/?p=8749","title":{"rendered":"Vicente Celestino &#8211; Em Suas Can\u00e7\u00f5es Celebres (1957)"},"content":{"rendered":"\n<figure class=\"wp-block-image size-large\"><img decoding=\"async\" src=\"https:\/\/1.bp.blogspot.com\/-bXvIbKsR58s\/YSqWCaKFK9I\/AAAAAAAAUUE\/yxne-SDcXpYnNADCi50UktHxmYzWMYNswCLcBGAsYHQ\/w640-h628\/Captura%2Bde%2Btela%2B2021-08-28%2B162114.jpg\" alt=\"\"\/><\/figure>\n\n\n\n<figure class=\"wp-block-image size-large\"><img decoding=\"async\" src=\"https:\/\/1.bp.blogspot.com\/-zIgmGj-yDiQ\/YSqWCXssIuI\/AAAAAAAAUUI\/ZSrOWYmrWQ0LsLeXXg_ekFN4paAxF6XvwCLcBGAsYHQ\/w612-h640\/Captura%2Bde%2Btela%2B2021-08-28%2B163046.jpg\" alt=\"\"\/><\/figure>\n\n\n<div class=\"separator\">Boa tarde, caros amigos cultos e ocultos! H\u00e1 tempos eu venho querendo postar este pequeno lp aqui no Toque Musical. Ganhei este disco h\u00e1 alguns anos atr\u00e1s e talvez tenha sido o disco mais antigo e ao mesmo tempo mais novo que j\u00e1 rodou no meu tocadiscos. Fiquei de cara quando vi este disquinho, lacrado, nunca havia sido tocado antes. Pensei na \u00e9poca logo em post\u00e1-lo, mas por diversas raz\u00f5es acabou ficando e at\u00e9 caiu no meu esquecimento. Pior foi que tamb\u00e9m esqueci onde havia guardado a primeira digitaliza\u00e7\u00e3o, logo na primeira vez que o disco tocou. O jeito foi fazer de novo \ud83d\ude42\u00a0<\/div>\n<div class=\"separator\">Ent\u00e3o, temos aqui o legend\u00e1rio cantor Vicente Celestino, imortalizado em can\u00e7\u00f5es como &#8220;O \u00e9brio&#8221;, &#8220;Patativa&#8221;, &#8220;Cora\u00e7\u00e3o materno&#8221; e tantas outras. E s\u00e3o essas can\u00e7\u00f5es que est\u00e3o presentes neste que foi o segundo &#8216;long-play&#8217; de dez polegadas, lan\u00e7ado pela RCA Victor. Antes deste, como est\u00e1 no texto de contracapa, a gravadora lan\u00e7ou o dez polegadas &#8220;Catullo&#8221;, onde ele interpreta composi\u00e7\u00f5es de Catullo da Paix\u00e3o Cearense. J\u00e1 neste, temos as can\u00e7\u00f5es c\u00e9lebres, os grandes sucessos, gravados originalmente em discos de 78 rpm. Essas mesmas grava\u00e7\u00f5es e outras entrariam mais tarde no lp de 12 polegadas, com o mesmo nome. Confiram este disco no GTM&#8230;<\/div>\n<div class=\"separator\">\u00a0<\/div>\n<div class=\"separator\">o \u00e9brio<\/div>\n<div class=\"separator\">rasguei o teu retrato<\/div>\n<div class=\"separator\">castelos de areia<\/div>\n<div class=\"separator\">noite cheia de estrelas<\/div>\n<div class=\"separator\">cora\u00e7\u00e3o materno<\/div>\n<div class=\"separator\">patativa<\/div>\n<div class=\"separator\">porta aberta<\/div>\n<div class=\"separator\">ouvindo-te<\/div>\n<div class=\"separator\">\u00a0<\/div>\n<div class=\"separator\">\u00a0<\/div>\n<div class=\"separator\">.<\/div>","protected":false},"excerpt":{"rendered":"<p>Boa tarde, caros amigos cultos e ocultos! H\u00e1 tempos eu venho querendo postar este pequeno lp aqui no Toque Musical. Ganhei este disco h\u00e1 alguns anos atr\u00e1s e talvez tenha sido o disco mais antigo e ao mesmo tempo mais &hellip; <a href=\"https:\/\/www.toque-musicall.com\/?p=8749\">Continue lendo <span class=\"meta-nav\">&rarr;<\/span><\/a><\/p>\n","protected":false},"author":1,"featured_media":0,"comment_status":"closed","ping_status":"closed","sticky":false,"template":"","format":"standard","meta":{"footnotes":""},"categories":[70,756],"tags":[3061,4728],"class_list":["post-8749","post","type-post","status-publish","format-standard","hentry","category-selo-rca-victor","category-vicente-celestino","tag-selo-rca-victor","tag-vicente-celestino"],"_links":{"self":[{"href":"https:\/\/www.toque-musicall.com\/index.php?rest_route=\/wp\/v2\/posts\/8749","targetHints":{"allow":["GET"]}}],"collection":[{"href":"https:\/\/www.toque-musicall.com\/index.php?rest_route=\/wp\/v2\/posts"}],"about":[{"href":"https:\/\/www.toque-musicall.com\/index.php?rest_route=\/wp\/v2\/types\/post"}],"author":[{"embeddable":true,"href":"https:\/\/www.toque-musicall.com\/index.php?rest_route=\/wp\/v2\/users\/1"}],"replies":[{"embeddable":true,"href":"https:\/\/www.toque-musicall.com\/index.php?rest_route=%2Fwp%2Fv2%2Fcomments&post=8749"}],"version-history":[{"count":1,"href":"https:\/\/www.toque-musicall.com\/index.php?rest_route=\/wp\/v2\/posts\/8749\/revisions"}],"predecessor-version":[{"id":8750,"href":"https:\/\/www.toque-musicall.com\/index.php?rest_route=\/wp\/v2\/posts\/8749\/revisions\/8750"}],"wp:attachment":[{"href":"https:\/\/www.toque-musicall.com\/index.php?rest_route=%2Fwp%2Fv2%2Fmedia&parent=8749"}],"wp:term":[{"taxonomy":"category","embeddable":true,"href":"https:\/\/www.toque-musicall.com\/index.php?rest_route=%2Fwp%2Fv2%2Fcategories&post=8749"},{"taxonomy":"post_tag","embeddable":true,"href":"https:\/\/www.toque-musicall.com\/index.php?rest_route=%2Fwp%2Fv2%2Ftags&post=8749"}],"curies":[{"name":"wp","href":"https:\/\/api.w.org\/{rel}","templated":true}]}}