{"id":875,"date":"2010-04-15T09:32:00","date_gmt":"2010-04-15T09:32:00","guid":{"rendered":"http:\/\/www.toque-musicall.com\/?p=875"},"modified":"2010-04-15T09:32:00","modified_gmt":"2010-04-15T09:32:00","slug":"orquestra-do-sindicato-dos-musicos-profissionais-do-rio-de-janeiro-perolas-da-musica-brasileira-1955","status":"publish","type":"post","link":"https:\/\/www.toque-musicall.com\/?p=875","title":{"rendered":"Orquestra Do Sindicato Dos Musicos Profissionais Do Rio De Janeiro &#8211; P\u00e9rolas da M\u00fasica Brasileira (1955)"},"content":{"rendered":"<p><a href=\"http:\/\/3.bp.blogspot.com\/_DSKVEvHtskc\/S8bduvB82ZI\/AAAAAAAAGbA\/FurvvcWzSSc\/s1600\/perolas+P.JPG\"><img decoding=\"async\" style=\"TEXT-ALIGN: center; MARGIN: 0px auto 10px; WIDTH: 400px; DISPLAY: block; HEIGHT: 400px; CURSOR: hand\" id=\"BLOGGER_PHOTO_ID_5460295393201674642\" border=\"0\" alt=\"\" src=\"http:\/\/3.bp.blogspot.com\/_DSKVEvHtskc\/S8bduvB82ZI\/AAAAAAAAGbA\/FurvvcWzSSc\/s400\/perolas+P.JPG\" \/><\/a> Ol\u00e1 amigos cultos e ocultos! No ritmo das orquestras, temos para hoje (e rapidinho) um encontro de m\u00fasicos que atuavam em diversas orquestras do Rio de Janeiro na d\u00e9cada de 50. S\u00e3o instrumentistas das r\u00e1dios Nacional, Mayrink Veiga e Tupi. Componentes das orquestras de Severino Ara\u00fajo, Peruzzi, Carioca e outras. A ideia de reunir os instrumentistas associados ao Sindicato dos M\u00fasicos do Rio de Janeiro partiu do Maestro Gustavo de Carvalho, mais conhecido como Maestro Guaran\u00e1. Ele tamb\u00e9m \u00e9 o respons\u00e1vel pela dire\u00e7\u00e3o da orquestra e todos os arranjos. O disco, um lp de dez polegadas, tem uma sele\u00e7\u00e3o musical muito boa, como se pode ver logo a baixo. Os arranjos do Maestro Guaran\u00e1 s\u00e3o arrojados, primando pela qualidade, bom gosto e uma singularidade que se destaca de outras vers\u00f5es orquestrais para as mesmas m\u00fasicas. Posso parecer meio ing\u00eanuo, mas esses arranjos me lembram coisas de Villa Lobos e Antonio Carlos Jobim. O que n\u00e3o deixa de ser uma feliz compara\u00e7\u00e3o. Vale mesmo a pena ouvir este raro disquinho. Confiram j\u00e1 este toque&#8230;.<\/p>\n<div align=\"center\">despertar da montanha<\/div>\n<div align=\"center\">carinhoso<\/div>\n<div align=\"center\">linda flor<\/div>\n<div align=\"center\">feiti\u00e7o da vila<\/div>\n<div align=\"center\">do sorriso da mulher nasceram as flores<\/div>\n<div align=\"center\">bentevi atrevido<\/div>\n<div align=\"center\">na baixa do sapateiro<\/div>\n<div align=\"center\">tico tico no fub\u00e1<\/div>\n<div align=\"center\"> <\/div>\n<div align=\"center\"> <\/div>\n","protected":false},"excerpt":{"rendered":"<p>Ol\u00e1 amigos cultos e ocultos! No ritmo das orquestras, temos para hoje (e rapidinho) um encontro de m\u00fasicos que atuavam em diversas orquestras do Rio de Janeiro na d\u00e9cada de 50. S\u00e3o instrumentistas das r\u00e1dios Nacional, Mayrink Veiga e Tupi. &hellip; <a href=\"https:\/\/www.toque-musicall.com\/?p=875\">Continue lendo <span class=\"meta-nav\">&rarr;<\/span><\/a><\/p>\n","protected":false},"author":1,"featured_media":0,"comment_status":"open","ping_status":"closed","sticky":false,"template":"","format":"standard","meta":{"footnotes":""},"categories":[1184,1185],"tags":[],"class_list":["post-875","post","type-post","status-publish","format-standard","hentry","category-guarana-e-sua-orquestra","category-orquestra-do-sindicato-dos-musicos-profissionais-do-rio-de-janeiro"],"_links":{"self":[{"href":"https:\/\/www.toque-musicall.com\/index.php?rest_route=\/wp\/v2\/posts\/875","targetHints":{"allow":["GET"]}}],"collection":[{"href":"https:\/\/www.toque-musicall.com\/index.php?rest_route=\/wp\/v2\/posts"}],"about":[{"href":"https:\/\/www.toque-musicall.com\/index.php?rest_route=\/wp\/v2\/types\/post"}],"author":[{"embeddable":true,"href":"https:\/\/www.toque-musicall.com\/index.php?rest_route=\/wp\/v2\/users\/1"}],"replies":[{"embeddable":true,"href":"https:\/\/www.toque-musicall.com\/index.php?rest_route=%2Fwp%2Fv2%2Fcomments&post=875"}],"version-history":[{"count":0,"href":"https:\/\/www.toque-musicall.com\/index.php?rest_route=\/wp\/v2\/posts\/875\/revisions"}],"wp:attachment":[{"href":"https:\/\/www.toque-musicall.com\/index.php?rest_route=%2Fwp%2Fv2%2Fmedia&parent=875"}],"wp:term":[{"taxonomy":"category","embeddable":true,"href":"https:\/\/www.toque-musicall.com\/index.php?rest_route=%2Fwp%2Fv2%2Fcategories&post=875"},{"taxonomy":"post_tag","embeddable":true,"href":"https:\/\/www.toque-musicall.com\/index.php?rest_route=%2Fwp%2Fv2%2Ftags&post=875"}],"curies":[{"name":"wp","href":"https:\/\/api.w.org\/{rel}","templated":true}]}}