{"id":8755,"date":"2021-08-29T18:51:34","date_gmt":"2021-08-29T21:51:34","guid":{"rendered":"https:\/\/www.toque-musicall.com\/?p=8755"},"modified":"2021-08-29T18:51:34","modified_gmt":"2021-08-29T21:51:34","slug":"carnaval-do-rio-1956","status":"publish","type":"post","link":"https:\/\/www.toque-musicall.com\/?p=8755","title":{"rendered":"Carnaval Do Rio (1956)"},"content":{"rendered":"\n<figure class=\"wp-block-image size-large\"><img decoding=\"async\" src=\"https:\/\/1.bp.blogspot.com\/-NxG8SGNf8Po\/YSv8w_VG2fI\/AAAAAAAAUUk\/4W1E0VNcgaAqNKsLW3k2B8XznELqIv-GgCLcBGAsYHQ\/w640-h622\/Captura%2Bde%2Btela%2B2021-08-29%2B182922.jpg\" alt=\"\"\/><\/figure>\n\n\n\n<figure class=\"wp-block-image size-large\"><img decoding=\"async\" src=\"https:\/\/1.bp.blogspot.com\/-IY7RqqXQP0M\/YSv8xBp8IhI\/AAAAAAAAUUo\/ZoAHcDIQRF48tzE-HAmSKn6t9wyLCafygCLcBGAsYHQ\/w616-h640\/Captura%2Bde%2Btela%2B2021-08-29%2B183015.jpg\" alt=\"\"\/><\/figure>\n\n\n<div class=\"separator\">Boa noite, amigos cultos e ocultos! Nosso disco deste domingo \u00e9 de carnaval, o carnaval dos anos 50 em um lp de 10 polegadas. &#8220;Carnaval do Rio&#8221; foi um disco lan\u00e7ado pela Copacabana, em 1956 trazendo um s\u00e9rie de marchinhas, hoje, mais ainda, verdadeiros cl\u00e1ssicos do carnaval. Para tanto, a gravadora recrutou um time de primeir\u00edssima, a come\u00e7ar pelo &#8216;chefe da banda&#8217;, ningu\u00e9m menos que Pixinguinha. E interpretando as can\u00e7\u00f5es que aqui seguem sem pausa entre elas, temos Gilberto Alves, Carmen Costa, Castro Barbosa, Jorge Veiga e Blecaute. E nessa sess\u00e3o que mais parece um &#8216;pot-pourri carnavalesco&#8217; temos&#8230;<\/div>\n<div class=\"separator\">\u00a0<\/div>\n<div class=\"separator\">o teu cabelo n\u00e3o nega<\/div>\n<div class=\"separator\">carolina<\/div>\n<div class=\"separator\">marcha do gago<\/div>\n<div class=\"separator\">eu quero \u00e9 rosetar<\/div>\n<div class=\"separator\">vai haver o diabo<\/div>\n<div class=\"separator\">touradas em madrid<\/div>\n<div class=\"separator\">jardineira<\/div>\n<div class=\"separator\">cacha\u00e7a<\/div>\n<div class=\"separator\">aurora<\/div>\n<div class=\"separator\">mam\u00e3e eu quero<\/div>\n<div class=\"separator\">sassaricando<\/div>\n<div class=\"separator\">cidade maravilhosa<\/div>\n<div class=\"separator\">\u00a0<\/div>\n<div class=\"separator\">.<\/div>","protected":false},"excerpt":{"rendered":"<p>Boa noite, amigos cultos e ocultos! Nosso disco deste domingo \u00e9 de carnaval, o carnaval dos anos 50 em um lp de 10 polegadas. &#8220;Carnaval do Rio&#8221; foi um disco lan\u00e7ado pela Copacabana, em 1956 trazendo um s\u00e9rie de marchinhas, &hellip; <a href=\"https:\/\/www.toque-musicall.com\/?p=8755\">Continue lendo <span class=\"meta-nav\">&rarr;<\/span><\/a><\/p>\n","protected":false},"author":1,"featured_media":0,"comment_status":"closed","ping_status":"closed","sticky":false,"template":"","format":"standard","meta":{"footnotes":""},"categories":[176,586,1286,263,818,1131,122,152],"tags":[4731,3661,3458,4730,4732,4516,3967,3418,3108],"class_list":["post-8755","post","type-post","status-publish","format-standard","hentry","category-blackout","category-blecaute","category-carmen-costa","category-carnaval","category-castro-barbosa","category-jorge-veiga","category-pixinguinha","category-selo-copacabana","tag-blackout","tag-carmen-costa","tag-carnaval","tag-carnaval-do-rio","tag-castro-barbosa","tag-gilberto-alves","tag-jorge-veiga","tag-pixinguinha","tag-selo-copacabana"],"_links":{"self":[{"href":"https:\/\/www.toque-musicall.com\/index.php?rest_route=\/wp\/v2\/posts\/8755","targetHints":{"allow":["GET"]}}],"collection":[{"href":"https:\/\/www.toque-musicall.com\/index.php?rest_route=\/wp\/v2\/posts"}],"about":[{"href":"https:\/\/www.toque-musicall.com\/index.php?rest_route=\/wp\/v2\/types\/post"}],"author":[{"embeddable":true,"href":"https:\/\/www.toque-musicall.com\/index.php?rest_route=\/wp\/v2\/users\/1"}],"replies":[{"embeddable":true,"href":"https:\/\/www.toque-musicall.com\/index.php?rest_route=%2Fwp%2Fv2%2Fcomments&post=8755"}],"version-history":[{"count":1,"href":"https:\/\/www.toque-musicall.com\/index.php?rest_route=\/wp\/v2\/posts\/8755\/revisions"}],"predecessor-version":[{"id":8756,"href":"https:\/\/www.toque-musicall.com\/index.php?rest_route=\/wp\/v2\/posts\/8755\/revisions\/8756"}],"wp:attachment":[{"href":"https:\/\/www.toque-musicall.com\/index.php?rest_route=%2Fwp%2Fv2%2Fmedia&parent=8755"}],"wp:term":[{"taxonomy":"category","embeddable":true,"href":"https:\/\/www.toque-musicall.com\/index.php?rest_route=%2Fwp%2Fv2%2Fcategories&post=8755"},{"taxonomy":"post_tag","embeddable":true,"href":"https:\/\/www.toque-musicall.com\/index.php?rest_route=%2Fwp%2Fv2%2Ftags&post=8755"}],"curies":[{"name":"wp","href":"https:\/\/api.w.org\/{rel}","templated":true}]}}