{"id":8759,"date":"2021-08-30T10:47:00","date_gmt":"2021-08-30T13:47:00","guid":{"rendered":"https:\/\/www.toque-musicall.com\/?p=8759"},"modified":"2021-09-01T13:52:22","modified_gmt":"2021-09-01T16:52:22","slug":"selecao-de-ouro-1962","status":"publish","type":"post","link":"https:\/\/www.toque-musicall.com\/?p=8759","title":{"rendered":"Sele\u00e7\u00e3o De Ouro (1962)"},"content":{"rendered":"\n<figure class=\"wp-block-image size-large\"><img decoding=\"async\" src=\"https:\/\/1.bp.blogspot.com\/-1N1iN-9zA1k\/YS9cHwSDRVI\/AAAAAAAAUU0\/PFtLM3trFroCbZW3kFwJEHEQIJqR0ejBgCLcBGAsYHQ\/w640-h632\/Captura%2Bde%2Btela%2B2021-08-31%2B211906.jpg\" alt=\"\"\/><\/figure>\n\n\n\n<figure class=\"wp-block-image size-large\"><img decoding=\"async\" src=\"https:\/\/1.bp.blogspot.com\/-AAiooZ6EeDs\/YS9cHwYuAGI\/AAAAAAAAUU4\/hcX0YvjlLfIIkU5BdV3XxRNVM09-yrjiACLcBGAsYHQ\/w632-h640\/Captura%2Bde%2Btela%2B2021-08-31%2B212227.jpg\" alt=\"\"\/><\/figure>\n\n\n<div class=\"separator\">Bom dia a todos, amigos cultos e ocultos! Que tal hoje um a colet\u00e2nea de artistas do in\u00edcio dos anos 60? Uma &#8216;sele\u00e7\u00e3o de ouro&#8217;, conforme o t\u00edtulo, trazendo diferentes artistas da gravadora Copacabana e que aqui se re\u00fanem neste lp, atrav\u00e9s de seu selo Som Hi Fi. Eis aqui um disco cuja fun\u00e7\u00e3o \u00e9 promover nomes deste &#8216;cast&#8217;. E como podemos ver, temos aqui um grupo de cantores bem conhecidos do nosso Toque Musical: Elizete Cardoso, Luiz Vieira, Rinaldo Calheiros e Silvana, Luciene Franco, Marisa, Morgana e Moacyr Franco. \u00c9 at\u00e9 bem prov\u00e1vel que boa parte das m\u00fasicas contidas neste lp j\u00e1 tenham aparecido aqui em discos desses artistas. Seja como for, n\u00e3o deixa de valer a pena essa nossa postagem, n\u00e3o \u00e9 mesmo? Confiram no GTM&#8230;<\/div>\n<div class=\"separator\">\u00a0<\/div>\n<div class=\"separator\">prel\u00fadio para ninar gente grande &#8211; luiz vieira<\/div>\n<div class=\"separator\">suave \u00e9 a noite &#8211; moacyr franco<\/div>\n<div class=\"separator\">can\u00e7\u00e3o da manh\u00e3 feliz &#8211; elizete cardoso<\/div>\n<div class=\"separator\">onde est\u00e1s cora\u00e7\u00e3o &#8211; silvana e rinaldo calheiros<\/div>\n<div class=\"separator\">tome continha de voc\u00ea &#8211; morgana<\/div>\n<div class=\"separator\">gostei, gamei &#8211; marisa<\/div>\n<div class=\"separator\">ningu\u00e9m chora por mim &#8211; moacyr franco<\/div>\n<div class=\"separator\">na cand\u00eancia do samba &#8211; elizete cardoso<\/div>\n<div class=\"separator\">jura-me &#8211; silvana e rinaldo calheiros<\/div>\n<div class=\"separator\">gente maldosa &#8211; luciene franco<\/div>\n<div class=\"separator\">menina feia &#8211; marisa<\/div>\n<div class=\"separator\">poema do adeus &#8211; luciene franco<\/div>\n<div class=\"separator\">\u00a0<\/div>\n<div class=\"separator\">.<\/div>","protected":false},"excerpt":{"rendered":"<p>Bom dia a todos, amigos cultos e ocultos! Que tal hoje um a colet\u00e2nea de artistas do in\u00edcio dos anos 60? Uma &#8216;sele\u00e7\u00e3o de ouro&#8217;, conforme o t\u00edtulo, trazendo diferentes artistas da gravadora Copacabana e que aqui se re\u00fanem neste &hellip; <a href=\"https:\/\/www.toque-musicall.com\/?p=8759\">Continue lendo <span class=\"meta-nav\">&rarr;<\/span><\/a><\/p>\n","protected":false},"author":1,"featured_media":0,"comment_status":"closed","ping_status":"closed","sticky":false,"template":"","format":"standard","meta":{"footnotes":""},"categories":[247,1500,1004,733,4735,215,2192,156,731],"tags":[3563,4736,4738,3347,4737,4739,4741,3316,4740],"class_list":["post-8759","post","type-post","status-publish","format-standard","hentry","category-elizete-cardoso","category-luciene-franco","category-luiz-vieira","category-marisa","category-moacyr-franco","category-morgana","category-rinaldo-calheiros","category-selo-som","category-silvana","tag-elizete-cardoso","tag-luciene-franco","tag-marisa","tag-marisa-gata-mansa","tag-moacyr-franco","tag-morgana","tag-rinaldo-calheiros","tag-selo-som","tag-silvana"],"_links":{"self":[{"href":"https:\/\/www.toque-musicall.com\/index.php?rest_route=\/wp\/v2\/posts\/8759","targetHints":{"allow":["GET"]}}],"collection":[{"href":"https:\/\/www.toque-musicall.com\/index.php?rest_route=\/wp\/v2\/posts"}],"about":[{"href":"https:\/\/www.toque-musicall.com\/index.php?rest_route=\/wp\/v2\/types\/post"}],"author":[{"embeddable":true,"href":"https:\/\/www.toque-musicall.com\/index.php?rest_route=\/wp\/v2\/users\/1"}],"replies":[{"embeddable":true,"href":"https:\/\/www.toque-musicall.com\/index.php?rest_route=%2Fwp%2Fv2%2Fcomments&post=8759"}],"version-history":[{"count":1,"href":"https:\/\/www.toque-musicall.com\/index.php?rest_route=\/wp\/v2\/posts\/8759\/revisions"}],"predecessor-version":[{"id":8760,"href":"https:\/\/www.toque-musicall.com\/index.php?rest_route=\/wp\/v2\/posts\/8759\/revisions\/8760"}],"wp:attachment":[{"href":"https:\/\/www.toque-musicall.com\/index.php?rest_route=%2Fwp%2Fv2%2Fmedia&parent=8759"}],"wp:term":[{"taxonomy":"category","embeddable":true,"href":"https:\/\/www.toque-musicall.com\/index.php?rest_route=%2Fwp%2Fv2%2Fcategories&post=8759"},{"taxonomy":"post_tag","embeddable":true,"href":"https:\/\/www.toque-musicall.com\/index.php?rest_route=%2Fwp%2Fv2%2Ftags&post=8759"}],"curies":[{"name":"wp","href":"https:\/\/api.w.org\/{rel}","templated":true}]}}