{"id":876,"date":"2010-04-14T10:50:00","date_gmt":"2010-04-14T10:50:00","guid":{"rendered":"http:\/\/www.toque-musicall.com\/?p=876"},"modified":"2010-04-14T10:50:00","modified_gmt":"2010-04-14T10:50:00","slug":"orquestra-brasileira-de-dancas-uma-orquestra-em-ritmo-de-samba-1959","status":"publish","type":"post","link":"https:\/\/www.toque-musicall.com\/?p=876","title":{"rendered":"Orquestra Brasileira De Dan\u00e7as &#8211; Uma Orquestra Em Ritmo De Samba (1959)"},"content":{"rendered":"<p><a href=\"http:\/\/3.bp.blogspot.com\/_DSKVEvHtskc\/S8WeMketRYI\/AAAAAAAAGa0\/gKV79_oz4H0\/s1600\/orquestra+bras+P.JPG\"><img decoding=\"async\" style=\"TEXT-ALIGN: center; MARGIN: 0px auto 10px; WIDTH: 400px; DISPLAY: block; HEIGHT: 396px; CURSOR: hand\" id=\"BLOGGER_PHOTO_ID_5459944062044685698\" border=\"0\" alt=\"\" src=\"http:\/\/3.bp.blogspot.com\/_DSKVEvHtskc\/S8WeMketRYI\/AAAAAAAAGa0\/gKV79_oz4H0\/s400\/orquestra+bras+P.JPG\" \/><\/a> Ol\u00e1 a todos! Pelo andar da carruagem, acho que nossa semana vai ser assim, ao ritmo das orquestras, seus regentes e instrumentistas. Tenho aqui uma lista de espera com algumas raridades que precisamos escutar. \u00c9 incr\u00edvel a quantidade de t\u00edtulos musicais produzidos em vinil nas d\u00e9cadas de 50 e 60. Isso para n\u00e3o falar do antes e do depois. Al\u00e9m dos Estados Unidos, acredito que o Brasil foi um dos maiores produtores de discos. Tem coisa demais! E pensar que hoje em dia temos apenas uma f\u00e1brica de vinil que s\u00f3 trabalha por encomenda. N\u00e3o \u00e9 por acaso que a ind\u00fastria fonografica foi pro saco. N\u00e3o foi apenas culpa das novas m\u00eddias, da tecnologia digital ou da Intenet. Foi mesmo uma falta de vis\u00e3o, de ger\u00eancia e de compet\u00eancia. Agora s\u00f3 nos resta lembran\u00e7as que podem ser guardadas num IPod. Quem ainda quiser manter o &#8216;fetiche&#8217; tem mais \u00e9 que correr nos sebos, nas feiras de discos ou pagar caro atrav\u00e9s da rede. Putz! Nem sei porque eu come\u00e7ei esse assunto. Esse papo rende e eu n\u00e3o tenho tempo&#8230;<br \/>Aqui vai mais um disquinho in\u00e9dito, &#8220;Uma Orquestra Em Ritmo de Samba&#8221;. Este \u00e1lbum foi gravado nos final de 1959 para o selo Philips, um de seus primeiros minigrooves de 12 polegadas. A Orquestra Brasileira de Dan\u00e7a foi um nome adotado pela gravadora para reunir em disco alguns dos melhores instrumentistas da \u00e9poca. Cada faixa contempla um solista e a reg\u00eancia e dire\u00e7\u00e3o musical \u00e9 do Maestro Carlos Monteiro de Souza. No lp encontramos um repert\u00f3rio calcado no samba, mas tendo como base uma curiosa mistura que vai do cl\u00e1ssico ao popular. Tem Beethoven, Chopin e Tchaikovsky, passando por &#8220;Stranger In Paradise&#8221;, um &#8216;standard&#8217; da m\u00fasica americana e como recheio principal vem composi\u00e7\u00f5es de Ary Barroso, Dolores Duran, Antonio Carlos Jobim e outros&#8230; Confiram j\u00e1 antes que jaz&#8230;<\/p>\n<div align=\"center\">exalta\u00e7\u00e3o \u00e0 bahia<\/div>\n<div align=\"center\">terra seca<\/div>\n<div align=\"center\">valsa das flores<\/div>\n<div align=\"center\">stranger in paradise<\/div>\n<div align=\"center\">maria<\/div>\n<div align=\"center\">este seu olhar<\/div>\n<div align=\"center\">apenas um cora\u00e7\u00e3o solit\u00e1rio<\/div>\n<div align=\"center\">folhas mortas<\/div>\n<div align=\"center\">a noite do meu bem<\/div>\n<div align=\"center\">manh\u00e3 de carnaval<\/div>\n<div align=\"center\">noturno em mi bemol<\/div>\n<div align=\"center\">sonata ao luar<\/div>\n<div align=\"center\"> <\/div>\n<div align=\"center\"> <\/div>\n","protected":false},"excerpt":{"rendered":"<p>Ol\u00e1 a todos! Pelo andar da carruagem, acho que nossa semana vai ser assim, ao ritmo das orquestras, seus regentes e instrumentistas. Tenho aqui uma lista de espera com algumas raridades que precisamos escutar. \u00c9 incr\u00edvel a quantidade de t\u00edtulos &hellip; <a href=\"https:\/\/www.toque-musicall.com\/?p=876\">Continue lendo <span class=\"meta-nav\">&rarr;<\/span><\/a><\/p>\n","protected":false},"author":1,"featured_media":0,"comment_status":"open","ping_status":"closed","sticky":false,"template":"","format":"standard","meta":{"footnotes":""},"categories":[1186],"tags":[],"class_list":["post-876","post","type-post","status-publish","format-standard","hentry","category-orquestra-brasileira-de-dancas"],"_links":{"self":[{"href":"https:\/\/www.toque-musicall.com\/index.php?rest_route=\/wp\/v2\/posts\/876","targetHints":{"allow":["GET"]}}],"collection":[{"href":"https:\/\/www.toque-musicall.com\/index.php?rest_route=\/wp\/v2\/posts"}],"about":[{"href":"https:\/\/www.toque-musicall.com\/index.php?rest_route=\/wp\/v2\/types\/post"}],"author":[{"embeddable":true,"href":"https:\/\/www.toque-musicall.com\/index.php?rest_route=\/wp\/v2\/users\/1"}],"replies":[{"embeddable":true,"href":"https:\/\/www.toque-musicall.com\/index.php?rest_route=%2Fwp%2Fv2%2Fcomments&post=876"}],"version-history":[{"count":0,"href":"https:\/\/www.toque-musicall.com\/index.php?rest_route=\/wp\/v2\/posts\/876\/revisions"}],"wp:attachment":[{"href":"https:\/\/www.toque-musicall.com\/index.php?rest_route=%2Fwp%2Fv2%2Fmedia&parent=876"}],"wp:term":[{"taxonomy":"category","embeddable":true,"href":"https:\/\/www.toque-musicall.com\/index.php?rest_route=%2Fwp%2Fv2%2Fcategories&post=876"},{"taxonomy":"post_tag","embeddable":true,"href":"https:\/\/www.toque-musicall.com\/index.php?rest_route=%2Fwp%2Fv2%2Ftags&post=876"}],"curies":[{"name":"wp","href":"https:\/\/api.w.org\/{rel}","templated":true}]}}