{"id":8763,"date":"2021-09-01T09:22:00","date_gmt":"2021-09-01T12:22:00","guid":{"rendered":"https:\/\/www.toque-musicall.com\/?p=8763"},"modified":"2021-09-02T21:26:17","modified_gmt":"2021-09-03T00:26:17","slug":"suite-transbrasil-1972","status":"publish","type":"post","link":"https:\/\/www.toque-musicall.com\/?p=8763","title":{"rendered":"Suite TransBrasil (1972)"},"content":{"rendered":"\n<figure class=\"wp-block-image size-large\"><img decoding=\"async\" src=\"https:\/\/1.bp.blogspot.com\/-SifDFf-iYBo\/YTDS5-hI0xI\/AAAAAAAAUVg\/Iuh-EEQWo9ojCiurV91QFruEthwPLGbbwCLcBGAsYHQ\/w640-h636\/Captura%2Bde%2Btela%2B2021-09-02%2B100510.jpg\" alt=\"\"\/><\/figure>\n\n\n\n<figure class=\"wp-block-image size-large\"><img decoding=\"async\" src=\"https:\/\/1.bp.blogspot.com\/-CFO2KCVi9yc\/YTDS56N-ScI\/AAAAAAAAUVc\/N6HGr7IClmwGdbfN_q6J-6lmJuqJ9DSFQCLcBGAsYHQ\/w640-h634\/Captura%2Bde%2Btela%2B2021-09-02%2B100617.jpg\" alt=\"\"\/><\/figure>\n\n\n<div class=\"separator\">Muito bom dia a todos, amigos cultos e ocultos! Enfim, chegou setembro! Adoro este m\u00eas, afinal foi nele quem nasceu o meu criador, o pai do Augusto TM e do Toque Musical (hehehe&#8230;). Virginiano gente boa, ali\u00e1s, qual n\u00e3o \u00e9, n\u00e9? \ud83d\ude42<\/div>\n<div class=\"separator\">Ent\u00e3o, entrando num novo m\u00eas, seguimos em nossas postagens di\u00e1rias. Para come\u00e7ar bem, eu trago um disco raro, produ\u00e7\u00e3o ao que parece encomendada. Pelo visto um lp n\u00e3o comercial, lan\u00e7ado em 1972 pela Copacabana para o Banco do Brasil, certamente como brinde a seus associados, h\u00e1bito muito comum naqueles tempos.<\/div>\n<div class=\"separator\">&#8220;Su\u00edte Transbrasil&#8221; \u00e9 um lp que nos traz uma pe\u00e7a de mesmo nome, criada por Omar Fontana com co-autoria de Luiz Vieira e do Maestro Moacyr Portes. Trata-se de uma homenagem a Transamaz\u00f4nica, a estrada federal, transversal, que corta cinco estados do norte e nordeste, com uma extens\u00e3o de mais de 4 mil quil\u00f4metros. Foi &#8216;inaugurada&#8217; em 1972, mas ainda hoje, em pleno 2021 ela n\u00e3o foi finalizada, tendo boa parte de seu percurso sem pavimento. A Transamaz\u00f4nica, ou BR-230 \u00e9 bem a cara do Brasil, uma rodovia enorme. sonhada e cantada em versos, mas como o pa\u00eds, sempre eu altos e baixos de acordo com o governo do momento. Mas, na \u00e9poca em que estava sendo criada era mesmo um sonho, uma esperan\u00e7a, principalmente para a regi\u00e3o e tamb\u00e9m era um feito para um governo militar que se gabava de uma obra fara\u00f4nica que nunca chegou mesmo a se concretizar (literalmente).<\/div>\n<div class=\"separator\">Foi mesmo nessa \u00e9poca, quando da cria\u00e7\u00e3o desta pe\u00e7a musical, que seus autores e pessoas envolvidas no projeto, tiveram a oportunidade de conhecer a Transamaz\u00f4nica e vivenciar de perto a experi\u00eancia na floresta. Puderam tamb\u00e9m visitar uma aldeia ind\u00edgena, que os ajudaram na inspira\u00e7\u00e3o desta composi\u00e7\u00e3o. A Suite Transbrasil \u00e9 uma pe\u00e7a em tr\u00eas partes (Transamaz\u00f4nica, Tumucumaque e Hino da Integra\u00e7\u00e3o). Os arranjos e reg\u00eancia dessa pe\u00e7a s\u00e3o de Moacyr Portes. H\u00e1 tamb\u00e9m a participa\u00e7\u00e3o do Coral da Associa\u00e7\u00e3o Coral de Florianopolis. Aproveitando o espa\u00e7o-tempo de um lp, os produtores inclu\u00edram tamb\u00e9m outra m\u00fasicas como &#8220;Maria Eugenia&#8221; e &#8220;Paz do meu amor&#8221;, de Luiz Vieira, o &#8220;Hino do Sesquicenten\u00e1rio da Independ\u00eancia&#8221;, de Miguel Gustavo e tamb\u00e9m a can\u00e7\u00e3o &#8220;Gente humilde&#8221;, de Chico Buarque e Vin\u00edcius de Moraes. Trata-se, sem d\u00favida, de um trabalho de grande sensibilidade musical, o disco, em si, \u00e9 perfeito. Contudo, h\u00e1 nele um certo ran\u00e7o, pois funcionou de pe\u00e7a publicit\u00e1ria do governo durante o regime militar, vendendo um progresso que nunca existiu.\u00a0<\/div>\n<div class=\"separator\">Em 2011, a artista visual ga\u00facha Romy Pocztaruk fez um v\u00eddeo, o qual se chamava tamb\u00e9m &#8220;Su\u00edte Transbrasil&#8221;. Neste v\u00eddeo, ela coloca uma vitrola dentro de um aqu\u00e1rio, a qual vai tocando a Su\u00edte Amaz\u00f4nica. O observador acompanha a m\u00fasica e a vitrola ser pouco a pouco submersa pela \u00e1gua que vai enchendo o aqu\u00e1rio, at\u00e9 se tornar totalmente inoperante. Um trabalho que critica, investiga e questiona o progresso e a decad\u00eancia da rodovia Transamaz\u00f4nica.<\/div>\n<div class=\"separator\">\u00a0<\/div>\n<div class=\"separator\">transamaz\u00f4nica<\/div>\n<div class=\"separator\">tumucumaque<\/div>\n<div class=\"separator\">hino da integra\u00e7\u00e3o<\/div>\n<div class=\"separator\">fantasia do ar<\/div>\n<div class=\"separator\">maria eugenia<\/div>\n<div class=\"separator\">paz do meu amor<\/div>\n<div class=\"separator\">hino do sesquicenten\u00e1rio da independ\u00eancia<\/div>\n<div class=\"separator\">gente humilde<\/div>\n<div class=\"separator\">\u00a0<\/div>\n<div class=\"separator\">\u00a0<\/div>\n<div class=\"separator\">.<\/div>","protected":false},"excerpt":{"rendered":"<p>Muito bom dia a todos, amigos cultos e ocultos! Enfim, chegou setembro! Adoro este m\u00eas, afinal foi nele quem nasceu o meu criador, o pai do Augusto TM e do Toque Musical (hehehe&#8230;). Virginiano gente boa, ali\u00e1s, qual n\u00e3o \u00e9, &hellip; <a href=\"https:\/\/www.toque-musicall.com\/?p=8763\">Continue lendo <span class=\"meta-nav\">&rarr;<\/span><\/a><\/p>\n","protected":false},"author":1,"featured_media":0,"comment_status":"closed","ping_status":"closed","sticky":false,"template":"","format":"standard","meta":{"footnotes":""},"categories":[1004,445,4744,152,4743],"tags":[4747,4745,4748,3108,4746],"class_list":["post-8763","post","type-post","status-publish","format-standard","hentry","category-luiz-vieira","category-moacyr-portes","category-omar-fontana","category-selo-copacabana","category-suite-transbrasil","tag-luiz-vieira","tag-moacyr-portes","tag-omar-fontana","tag-selo-copacabana","tag-suite-transbrasil"],"_links":{"self":[{"href":"https:\/\/www.toque-musicall.com\/index.php?rest_route=\/wp\/v2\/posts\/8763","targetHints":{"allow":["GET"]}}],"collection":[{"href":"https:\/\/www.toque-musicall.com\/index.php?rest_route=\/wp\/v2\/posts"}],"about":[{"href":"https:\/\/www.toque-musicall.com\/index.php?rest_route=\/wp\/v2\/types\/post"}],"author":[{"embeddable":true,"href":"https:\/\/www.toque-musicall.com\/index.php?rest_route=\/wp\/v2\/users\/1"}],"replies":[{"embeddable":true,"href":"https:\/\/www.toque-musicall.com\/index.php?rest_route=%2Fwp%2Fv2%2Fcomments&post=8763"}],"version-history":[{"count":1,"href":"https:\/\/www.toque-musicall.com\/index.php?rest_route=\/wp\/v2\/posts\/8763\/revisions"}],"predecessor-version":[{"id":8764,"href":"https:\/\/www.toque-musicall.com\/index.php?rest_route=\/wp\/v2\/posts\/8763\/revisions\/8764"}],"wp:attachment":[{"href":"https:\/\/www.toque-musicall.com\/index.php?rest_route=%2Fwp%2Fv2%2Fmedia&parent=8763"}],"wp:term":[{"taxonomy":"category","embeddable":true,"href":"https:\/\/www.toque-musicall.com\/index.php?rest_route=%2Fwp%2Fv2%2Fcategories&post=8763"},{"taxonomy":"post_tag","embeddable":true,"href":"https:\/\/www.toque-musicall.com\/index.php?rest_route=%2Fwp%2Fv2%2Ftags&post=8763"}],"curies":[{"name":"wp","href":"https:\/\/api.w.org\/{rel}","templated":true}]}}