{"id":877,"date":"2010-04-13T11:03:00","date_gmt":"2010-04-13T11:03:00","guid":{"rendered":"http:\/\/www.toque-musicall.com\/?p=877"},"modified":"2010-04-13T11:03:00","modified_gmt":"2010-04-13T11:03:00","slug":"renato-de-oliveira-e-sua-orquestra-este-e-o-lp-1960","status":"publish","type":"post","link":"https:\/\/www.toque-musicall.com\/?p=877","title":{"rendered":"Renato De Oliveira E Sua Orquestra &#8211; Este \u00c9 O LP (1960)"},"content":{"rendered":"<p><a href=\"http:\/\/2.bp.blogspot.com\/_DSKVEvHtskc\/S8RPnEQ_55I\/AAAAAAAAGao\/ZWB73sIr0io\/s1600\/renato+P.JPG\"><img decoding=\"async\" style=\"TEXT-ALIGN: center; MARGIN: 0px auto 10px; WIDTH: 400px; DISPLAY: block; HEIGHT: 399px; CURSOR: hand\" id=\"BLOGGER_PHOTO_ID_5459576180858414994\" border=\"0\" alt=\"\" src=\"http:\/\/2.bp.blogspot.com\/_DSKVEvHtskc\/S8RPnEQ_55I\/AAAAAAAAGao\/ZWB73sIr0io\/s400\/renato+P.JPG\" \/><\/a>Bom dia amigos cultos e ocultos! N\u00e3o sei se vale a pena deixar um recado aqui para os desatentos, mesmo assim, vou repetir: os links v\u00e1lidos (ativos) s\u00e3o sempre os mais recente. Parece uma coisa muito \u00f3bvia, mas para algumas pessoas ainda \u00e9 dif\u00edcil entender como funciona o Toque Musical. Acredito at\u00e9 que alguns visitantes entram, n\u00e3o encontram o link e simplesmente v\u00e3o embora. Uma pena (pra eles), prova que n\u00e3o estavam mesmo interessados.<br \/>Hoje, nossa postagem n\u00e3o \u00e9 apenas um toque promocional. Quem viu essa imagem em uma edi\u00e7\u00e3o anterior pode estar achando que eu continuo batendo na mesma tecla. Sou mesmo repetitivo, redundante e todo errado (seria mais chato se fosse todo certinho). Mas o que temos aqui, dessa vez, \u00e9 o \u00e1lbum de verdade. Estamos falando do maestro Renato de Oliveira e sua orquestra. Este disco pode at\u00e9 n\u00e3o ser, musicalmente, um destaque especial, por\u00e9m essa capa traz algo de novo, um conceito de arte gr\u00e1fica diferente para a \u00e9poca. Coisa que s\u00f3 vir\u00edamos com mais frequ\u00eancia nos anos 70. Pessoalmente acho essa capa um &#8216;sarro&#8217; (putz! quanto tempo n\u00e3o uso essa g\u00edria, ser\u00e1 que v\u00e3o entender?)<br \/>Renato de Oliveira foi um maestro, regente e arranjador muito atuante nos anos 50, 60 e 70. Trabalhou com os mais diversos artistas da m\u00fasica brasileira. Por ser um m\u00fasico de est\u00fadio, quase sempre esteve por tr\u00e1s das cortinas. N\u00e3o me lembro de nenhum outro disco, especificamente dele, al\u00e9m deste \u00e1lbum que agora eu tenho o prazer de apresentar a voc\u00eas. O repert\u00f3rio \u00e9 composto de temas nacionais e internacionais muito em voga no final dos anos 50. S\u00e3o boleros, sambas, mambo e cha cha cha. H\u00e1 tamb\u00e9m uma composi\u00e7\u00e3o pr\u00f3pria, &#8220;Sombras&#8221;, um bolerinho bem original. A qualidade do som est\u00e1 um pouco prec\u00e1ria, ali\u00e1s o disco \u00e9 que estava. Fiz o pude na digitaliza\u00e7\u00e3o em 15 minutos, mas se algu\u00e9m tiver mais tempo e condi\u00e7\u00f5es tem como melhorar.<\/p>\n<div align=\"center\">marina<\/div>\n<div align=\"center\">e da\u00ed?<\/div>\n<div align=\"center\">sott&#8217;er cielo de roma<\/div>\n<div align=\"center\">catalania<\/div>\n<div align=\"center\">me d\u00e1 um dinheiro a\u00ed<\/div>\n<div align=\"center\">fim de caso<\/div>\n<div align=\"center\">o vagabundo<\/div>\n<div align=\"center\">fechei a porta<\/div>\n<div align=\"center\">chinchilla<\/div>\n<div align=\"center\">rebel rouser<\/div>\n<div align=\"center\">onde estava eu<\/div>\n<div align=\"center\">sombras<\/div>\n<div align=\"center\"><\/div>\n<div align=\"center\"><\/div>\n","protected":false},"excerpt":{"rendered":"<p>Bom dia amigos cultos e ocultos! N\u00e3o sei se vale a pena deixar um recado aqui para os desatentos, mesmo assim, vou repetir: os links v\u00e1lidos (ativos) s\u00e3o sempre os mais recente. Parece uma coisa muito \u00f3bvia, mas para algumas &hellip; <a href=\"https:\/\/www.toque-musicall.com\/?p=877\">Continue lendo <span class=\"meta-nav\">&rarr;<\/span><\/a><\/p>\n","protected":false},"author":1,"featured_media":0,"comment_status":"open","ping_status":"closed","sticky":false,"template":"","format":"standard","meta":{"footnotes":""},"categories":[516],"tags":[],"class_list":["post-877","post","type-post","status-publish","format-standard","hentry","category-renato-de-oliveira-e-sua-orquestra"],"_links":{"self":[{"href":"https:\/\/www.toque-musicall.com\/index.php?rest_route=\/wp\/v2\/posts\/877","targetHints":{"allow":["GET"]}}],"collection":[{"href":"https:\/\/www.toque-musicall.com\/index.php?rest_route=\/wp\/v2\/posts"}],"about":[{"href":"https:\/\/www.toque-musicall.com\/index.php?rest_route=\/wp\/v2\/types\/post"}],"author":[{"embeddable":true,"href":"https:\/\/www.toque-musicall.com\/index.php?rest_route=\/wp\/v2\/users\/1"}],"replies":[{"embeddable":true,"href":"https:\/\/www.toque-musicall.com\/index.php?rest_route=%2Fwp%2Fv2%2Fcomments&post=877"}],"version-history":[{"count":0,"href":"https:\/\/www.toque-musicall.com\/index.php?rest_route=\/wp\/v2\/posts\/877\/revisions"}],"wp:attachment":[{"href":"https:\/\/www.toque-musicall.com\/index.php?rest_route=%2Fwp%2Fv2%2Fmedia&parent=877"}],"wp:term":[{"taxonomy":"category","embeddable":true,"href":"https:\/\/www.toque-musicall.com\/index.php?rest_route=%2Fwp%2Fv2%2Fcategories&post=877"},{"taxonomy":"post_tag","embeddable":true,"href":"https:\/\/www.toque-musicall.com\/index.php?rest_route=%2Fwp%2Fv2%2Ftags&post=877"}],"curies":[{"name":"wp","href":"https:\/\/api.w.org\/{rel}","templated":true}]}}