{"id":8775,"date":"2021-09-05T00:37:00","date_gmt":"2021-09-05T03:37:00","guid":{"rendered":"https:\/\/www.toque-musicall.com\/?p=8775"},"modified":"2021-09-07T00:39:47","modified_gmt":"2021-09-07T03:39:47","slug":"fafa-lemos-uma-noite-na-boite-do-fafa-1958","status":"publish","type":"post","link":"https:\/\/www.toque-musicall.com\/?p=8775","title":{"rendered":"Faf\u00e1 Lemos &#8211; Uma Noite Na Boite Do Faf\u00e1 (1958)"},"content":{"rendered":"\n<figure class=\"wp-block-image size-large\"><img decoding=\"async\" src=\"https:\/\/1.bp.blogspot.com\/-zsqqM10pc_Y\/YTbNgICzJfI\/AAAAAAAAUWc\/Atma6TSjJjUwzMjAkf7Cz7oJqPksSbL8QCLcBGAsYHQ\/w640-h628\/Captura%2Bde%2Btela%2B2021-09-06%2B195000.jpg\" alt=\"\"\/><\/figure>\n\n\n\n<figure class=\"wp-block-image size-large\"><img decoding=\"async\" src=\"https:\/\/1.bp.blogspot.com\/-lEU--JrN27s\/YTbNgJfDb6I\/AAAAAAAAUWg\/CRhFIGWMnlU5Ml-GLTU-OJKOvpTjh63zQCLcBGAsYHQ\/w640-h640\/Captura%2Bde%2Btela%2B2021-09-06%2B195607.jpg\" alt=\"\"\/><\/figure>\n\n\n<div class=\"separator\">Boa noite, amigos cultos e ocultos! Deixemos de lado os meus desabafos prolixos, pois eu s\u00f3 percebo que n\u00e3o valem a pena depois de publicado. Pura perda de tempo, mas, enfim um desabafo&#8230; Melhor mesmo \u00e9 acalmar na suavidade de uma noite na boate do Faf\u00e1 Lemos com seu violino e conjunto. Pena que hoje isso \u00e9 apenas hist\u00f3rias e lembran\u00e7as. No tempo em que haviam as boates com shows ao vivo, nos anos 50, muitos artistas buscaram conciliar o trabalho de m\u00fasico com o de empres\u00e1rios da noite. Tanto no Rio de Janeiro, quanto em S\u00e3o Paulo haviam m\u00fasicos que tamb\u00e9m eram donos de casas noturnas. Entre esses tivemos tamb\u00e9m o Faf\u00e1 Lemos com sua boate em Copacabana e este lp, lan\u00e7ado pela RCA Victor, em 1958, traz um pouco do que seu propriet\u00e1rio tocava por l\u00e1, um delicioso repert\u00f3rio no qual cabem diferentes ritmos dan\u00e7antes, tanto nacionais quanto internacionais, m\u00fasicas que fizeram parte de uma \u00e9poca e como estamos sempre postando discos desse per\u00edodo, algumas das m\u00fasicas deste lp j\u00e1 s\u00e3o por n\u00f3s bem conhecidas atrav\u00e9s de outros artistas, mas isso pouco importa, pois o que vale \u00e9 a interpreta\u00e7\u00e3o e neste caso com a inconfund\u00edvel sonoridade do violino do Faf\u00e1. Vamos conferir?<\/div>\n<div class=\"separator\">\u00a0<\/div>\n<div class=\"separator\">whispering<\/div>\n<div class=\"separator\">tu solo tu<\/div>\n<div class=\"separator\">saudade dela<\/div>\n<div class=\"separator\">violino triste<\/div>\n<div class=\"separator\">usted<\/div>\n<div class=\"separator\">aviso pr\u00e9vio<\/div>\n<div class=\"separator\">bicharada<\/div>\n<div class=\"separator\">it&#8217;s not for me to say<\/div>\n<div class=\"separator\">je suis seul ce soir<\/div>\n<div class=\"separator\">casamento infeliz<\/div>\n<div class=\"separator\">mentira de amor<\/div>\n<div class=\"separator\">moriat<\/div>\n<div class=\"separator\">\u00a0<\/div>\n<div class=\"separator\">.<\/div>","protected":false},"excerpt":{"rendered":"<p>Boa noite, amigos cultos e ocultos! Deixemos de lado os meus desabafos prolixos, pois eu s\u00f3 percebo que n\u00e3o valem a pena depois de publicado. Pura perda de tempo, mas, enfim um desabafo&#8230; Melhor mesmo \u00e9 acalmar na suavidade de &hellip; <a href=\"https:\/\/www.toque-musicall.com\/?p=8775\">Continue lendo <span class=\"meta-nav\">&rarr;<\/span><\/a><\/p>\n","protected":false},"author":1,"featured_media":0,"comment_status":"closed","ping_status":"closed","sticky":false,"template":"","format":"standard","meta":{"footnotes":""},"categories":[743,70],"tags":[4166,3061],"class_list":["post-8775","post","type-post","status-publish","format-standard","hentry","category-fafa-lemos","category-selo-rca-victor","tag-fafa-lemos","tag-selo-rca-victor"],"_links":{"self":[{"href":"https:\/\/www.toque-musicall.com\/index.php?rest_route=\/wp\/v2\/posts\/8775","targetHints":{"allow":["GET"]}}],"collection":[{"href":"https:\/\/www.toque-musicall.com\/index.php?rest_route=\/wp\/v2\/posts"}],"about":[{"href":"https:\/\/www.toque-musicall.com\/index.php?rest_route=\/wp\/v2\/types\/post"}],"author":[{"embeddable":true,"href":"https:\/\/www.toque-musicall.com\/index.php?rest_route=\/wp\/v2\/users\/1"}],"replies":[{"embeddable":true,"href":"https:\/\/www.toque-musicall.com\/index.php?rest_route=%2Fwp%2Fv2%2Fcomments&post=8775"}],"version-history":[{"count":1,"href":"https:\/\/www.toque-musicall.com\/index.php?rest_route=\/wp\/v2\/posts\/8775\/revisions"}],"predecessor-version":[{"id":8776,"href":"https:\/\/www.toque-musicall.com\/index.php?rest_route=\/wp\/v2\/posts\/8775\/revisions\/8776"}],"wp:attachment":[{"href":"https:\/\/www.toque-musicall.com\/index.php?rest_route=%2Fwp%2Fv2%2Fmedia&parent=8775"}],"wp:term":[{"taxonomy":"category","embeddable":true,"href":"https:\/\/www.toque-musicall.com\/index.php?rest_route=%2Fwp%2Fv2%2Fcategories&post=8775"},{"taxonomy":"post_tag","embeddable":true,"href":"https:\/\/www.toque-musicall.com\/index.php?rest_route=%2Fwp%2Fv2%2Ftags&post=8775"}],"curies":[{"name":"wp","href":"https:\/\/api.w.org\/{rel}","templated":true}]}}