{"id":8783,"date":"2021-09-09T08:25:00","date_gmt":"2021-09-09T11:25:00","guid":{"rendered":"https:\/\/www.toque-musicall.com\/?p=8783"},"modified":"2021-09-12T08:27:14","modified_gmt":"2021-09-12T11:27:14","slug":"astor-piazzolla-y-su-orquesta-pulsacion-1972","status":"publish","type":"post","link":"https:\/\/www.toque-musicall.com\/?p=8783","title":{"rendered":"Astor Piazzolla Y Su Orquesta &#8211; Pulsacion (1972)"},"content":{"rendered":"\n<figure class=\"wp-block-image size-large\"><img decoding=\"async\" src=\"https:\/\/1.bp.blogspot.com\/-sDC3Uc5lrms\/YT1uHT-BarI\/AAAAAAAAUXo\/JrwpWj3WtuACPOncl_mNjpWq2Q-UpJ1VgCLcBGAsYHQ\/w636-h640\/Captura%2Bde%2Btela%2B2021-09-12%2B000130.jpg\" alt=\"\"\/><\/figure>\n\n\n\n<figure class=\"wp-block-image size-large\"><img decoding=\"async\" src=\"https:\/\/1.bp.blogspot.com\/--BnJcw0pFlU\/YT1uHXxdEDI\/AAAAAAAAUXs\/A2EEkLaCCmYyLkvFdOvJUyhehi-OOGSawCLcBGAsYHQ\/w640-h636\/Captura%2Bde%2Btela%2B2021-09-12%2B000225.jpg\" alt=\"\"\/><\/figure>\n\n\n<div class=\"separator\">Bom dia, amigos cultos e ocultos! Continuo seguindo o que disse h\u00e1 algumas postagens atr\u00e1s, vez por outra estarei postando tamb\u00e9m algum artista\/disco internacional que eu ache pertinente, seja pela rela\u00e7\u00e3o com a m\u00fasica brasileira, ou comigo mesmo, ou seja, com meu gosto pessoal, hehehe&#8230;<\/div>\n<div class=\"separator\">E falando em gosto pessoal, eis aqui um disco dos que eu gosto muito e que por certo muita gente tamb\u00e9m gosta, o argentino Astor Piazzolla e sua orquestra, em um lp marcante, &#8220;Pulsacion&#8221;, que mereceu uma edi\u00e7\u00e3o brasileira atrav\u00e9s do selo Som Livre, lan\u00e7ado em 1972. Por certo, foi um disco que ajudou muito a divulga\u00e7\u00e3o do genial &#8216;bandonionista&#8217; aqui no Brasil, pois o selo Som Livre, nesta \u00e9poca, fazia chamada de lan\u00e7amento pela televis\u00e3o, no caso a Rede Globo, que era a dona do selo. E sem d\u00favida, ter a vitrine da Globo naquela \u00e9poca era sucesso garantido. Entre os muitos lan\u00e7amentos da Som Livre, este foi um dos internacionais que me fez descobrir a m\u00fasica deste argentino. &#8220;Pulsacion&#8221; \u00e9 um trabalho genial, marcado pela modernidade criativa deste grande artista. &#8220;Pulsaci\u00f3n&#8221; \u00e9 tamb\u00e9m a trilha musical para um filme de mesmo nome do diretor\u00a0 Carlos P\u00e1ez Vilar\u00f3. Vamos conferir? \ud83d\ude42<\/div>\n<div class=\"separator\">\u00a0<\/div>\n<div class=\"separator\">pulsaci\u00f3n n\u00ba1<\/div>\n<div class=\"separator\">pulsaci\u00f3n n\u00ba2<\/div>\n<div class=\"separator\">pulsaci\u00f3n n\u00ba3<\/div>\n<div class=\"separator\">pulsaci\u00f3n n\u00ba4<\/div>\n<div class=\"separator\">fuga y misterio<\/div>\n<div class=\"separator\">contramilonga a la funerala<\/div>\n<div class=\"separator\">allegreto tangabile<\/div>\n<div class=\"separator\">tocata rea<\/div>\n<div class=\"separator\">tangata del alba<\/div>\n<div class=\"separator\">\u00a0<\/div>\n<div class=\"separator\">.<\/div>\n<div class=\"separator\">\u00a0<\/div>\n<div class=\"separator\">\u00a0<\/div>","protected":false},"excerpt":{"rendered":"<p>Bom dia, amigos cultos e ocultos! Continuo seguindo o que disse h\u00e1 algumas postagens atr\u00e1s, vez por outra estarei postando tamb\u00e9m algum artista\/disco internacional que eu ache pertinente, seja pela rela\u00e7\u00e3o com a m\u00fasica brasileira, ou comigo mesmo, ou seja, &hellip; <a href=\"https:\/\/www.toque-musicall.com\/?p=8783\">Continue lendo <span class=\"meta-nav\">&rarr;<\/span><\/a><\/p>\n","protected":false},"author":1,"featured_media":0,"comment_status":"closed","ping_status":"closed","sticky":false,"template":"","format":"standard","meta":{"footnotes":""},"categories":[1842,2897,66],"tags":[4755,3266,3037],"class_list":["post-8783","post","type-post","status-publish","format-standard","hentry","category-astor-piazzolla","category-internacional","category-selo-som-livre","tag-astor-piazzolla","tag-internacional","tag-selo-som-livre"],"_links":{"self":[{"href":"https:\/\/www.toque-musicall.com\/index.php?rest_route=\/wp\/v2\/posts\/8783","targetHints":{"allow":["GET"]}}],"collection":[{"href":"https:\/\/www.toque-musicall.com\/index.php?rest_route=\/wp\/v2\/posts"}],"about":[{"href":"https:\/\/www.toque-musicall.com\/index.php?rest_route=\/wp\/v2\/types\/post"}],"author":[{"embeddable":true,"href":"https:\/\/www.toque-musicall.com\/index.php?rest_route=\/wp\/v2\/users\/1"}],"replies":[{"embeddable":true,"href":"https:\/\/www.toque-musicall.com\/index.php?rest_route=%2Fwp%2Fv2%2Fcomments&post=8783"}],"version-history":[{"count":1,"href":"https:\/\/www.toque-musicall.com\/index.php?rest_route=\/wp\/v2\/posts\/8783\/revisions"}],"predecessor-version":[{"id":8784,"href":"https:\/\/www.toque-musicall.com\/index.php?rest_route=\/wp\/v2\/posts\/8783\/revisions\/8784"}],"wp:attachment":[{"href":"https:\/\/www.toque-musicall.com\/index.php?rest_route=%2Fwp%2Fv2%2Fmedia&parent=8783"}],"wp:term":[{"taxonomy":"category","embeddable":true,"href":"https:\/\/www.toque-musicall.com\/index.php?rest_route=%2Fwp%2Fv2%2Fcategories&post=8783"},{"taxonomy":"post_tag","embeddable":true,"href":"https:\/\/www.toque-musicall.com\/index.php?rest_route=%2Fwp%2Fv2%2Ftags&post=8783"}],"curies":[{"name":"wp","href":"https:\/\/api.w.org\/{rel}","templated":true}]}}