{"id":8785,"date":"2021-09-10T00:36:00","date_gmt":"2021-09-10T03:36:00","guid":{"rendered":"https:\/\/www.toque-musicall.com\/?p=8785"},"modified":"2024-08-25T10:42:51","modified_gmt":"2024-08-25T13:42:51","slug":"trio-nago-1955","status":"publish","type":"post","link":"https:\/\/www.toque-musicall.com\/?p=8785","title":{"rendered":"Trio Nag\u00f4 (1958)"},"content":{"rendered":"\n<figure class=\"wp-block-image size-large\"><img decoding=\"async\" src=\"https:\/\/1.bp.blogspot.com\/-WU4fATvL8U0\/YT7Kg0qEAWI\/AAAAAAAAUX8\/oQdEcr7qAmo5FbkLUjfXBfYp2qh-zvmIgCLcBGAsYHQ\/w622-h640\/Captura%2Bde%2Btela%2B2021-09-03%2B225810.jpg\" alt=\"\"\/><\/figure>\n\n\n\n<figure class=\"wp-block-image size-large\"><img decoding=\"async\" src=\"https:\/\/1.bp.blogspot.com\/-_g_DexU0tY4\/YT7KgxtDDEI\/AAAAAAAAUX4\/WFFUcv7EPkUuxaI5YXKT8Eb31946vjyYQCLcBGAsYHQ\/w624-h640\/Captura%2Bde%2Btela%2B2021-09-03%2B225855.jpg\" alt=\"\"\/><\/figure>\n\n\n<p>Bom dia, amigos cultos e ocultos! Um dos grupos vocais da &#8216;velha guarda&#8217; que eu mais aprecio \u00e9 o Trio Nag\u00f4, um grupo brasileiro pioneiro na arte da vocaliza\u00e7\u00e3o. E j\u00e1 tivemos o prazer de apresent\u00e1-los aqui em outras postagens. Desta vez, me lembrei deste disco, cujo o mesmo arquivo foi postado no excelente blog Bossa Brasileira. Eu at\u00e9 tenho o disco, mas acredito que o arquivo digital do BB est\u00e1 em melhor qualidade do que eu poderia extrair do meu disquinho, que t\u00e1 fritando que \u00e9 uma beleza \ud83d\ude42 Assim, j\u00e1 que comecei a postagem, melhor seguir pelo melhor. Neste lp de 10 polegadas lan\u00e7ado pela Continental, em 1958, temos o Trio Nag\u00f4 num repert\u00f3rio que d\u00e1 prazer em ouvir repetidas vezes, que nos convida tamb\u00e9m para cantar ou acompanhar num assovio essa sele\u00e7\u00e3o que podemos considerar como cl\u00e1ssicas do cancioneiro popular. Aqui tem&#8230;<\/p>\n<div>prece ao vento<\/div>\n<div>mocambo de paia<\/div>\n<div>terra seca<\/div>\n<div>dora<\/div>\n<div>aquarela cearense<\/div>\n<div>na baixa do sapateiro<\/div>\n<div>louco da praia<\/div>\n<div>ladeira do amor<\/div>\n<div>\u00a0<\/div>\n<div>\u00a0<\/div>\n<div>.\n<div>\u00a0<\/div>\n<div>\u00a0<\/div>\n<\/div>","protected":false},"excerpt":{"rendered":"<p>Bom dia, amigos cultos e ocultos! Um dos grupos vocais da &#8216;velha guarda&#8217; que eu mais aprecio \u00e9 o Trio Nag\u00f4, um grupo brasileiro pioneiro na arte da vocaliza\u00e7\u00e3o. E j\u00e1 tivemos o prazer de apresent\u00e1-los aqui em outras postagens. &hellip; <a href=\"https:\/\/www.toque-musicall.com\/?p=8785\">Continue lendo <span class=\"meta-nav\">&rarr;<\/span><\/a><\/p>\n","protected":false},"author":1,"featured_media":0,"comment_status":"closed","ping_status":"closed","sticky":false,"template":"","format":"standard","meta":{"footnotes":""},"categories":[40,1344],"tags":[3327,4509],"class_list":["post-8785","post","type-post","status-publish","format-standard","hentry","category-selo-continental","category-trio-nago","tag-selo-continental","tag-trio-nago"],"_links":{"self":[{"href":"https:\/\/www.toque-musicall.com\/index.php?rest_route=\/wp\/v2\/posts\/8785","targetHints":{"allow":["GET"]}}],"collection":[{"href":"https:\/\/www.toque-musicall.com\/index.php?rest_route=\/wp\/v2\/posts"}],"about":[{"href":"https:\/\/www.toque-musicall.com\/index.php?rest_route=\/wp\/v2\/types\/post"}],"author":[{"embeddable":true,"href":"https:\/\/www.toque-musicall.com\/index.php?rest_route=\/wp\/v2\/users\/1"}],"replies":[{"embeddable":true,"href":"https:\/\/www.toque-musicall.com\/index.php?rest_route=%2Fwp%2Fv2%2Fcomments&post=8785"}],"version-history":[{"count":3,"href":"https:\/\/www.toque-musicall.com\/index.php?rest_route=\/wp\/v2\/posts\/8785\/revisions"}],"predecessor-version":[{"id":10640,"href":"https:\/\/www.toque-musicall.com\/index.php?rest_route=\/wp\/v2\/posts\/8785\/revisions\/10640"}],"wp:attachment":[{"href":"https:\/\/www.toque-musicall.com\/index.php?rest_route=%2Fwp%2Fv2%2Fmedia&parent=8785"}],"wp:term":[{"taxonomy":"category","embeddable":true,"href":"https:\/\/www.toque-musicall.com\/index.php?rest_route=%2Fwp%2Fv2%2Fcategories&post=8785"},{"taxonomy":"post_tag","embeddable":true,"href":"https:\/\/www.toque-musicall.com\/index.php?rest_route=%2Fwp%2Fv2%2Ftags&post=8785"}],"curies":[{"name":"wp","href":"https:\/\/api.w.org\/{rel}","templated":true}]}}