{"id":879,"date":"2010-04-12T00:15:00","date_gmt":"2010-04-12T00:15:00","guid":{"rendered":"http:\/\/www.toque-musicall.com\/?p=879"},"modified":"2010-04-12T00:15:00","modified_gmt":"2010-04-12T00:15:00","slug":"paulo-autran-melhores-momentos-1979","status":"publish","type":"post","link":"https:\/\/www.toque-musicall.com\/?p=879","title":{"rendered":"Paulo Autran &#8211; Melhores Momentos (1979)"},"content":{"rendered":"<p><a href=\"http:\/\/1.bp.blogspot.com\/_DSKVEvHtskc\/S8JmeJukc0I\/AAAAAAAAGaQ\/wCuHqmHxgG0\/s1600\/Paulo+Autran+P.JPG\"><img decoding=\"async\" style=\"TEXT-ALIGN: center; MARGIN: 0px auto 10px; WIDTH: 400px; DISPLAY: block; HEIGHT: 395px; CURSOR: hand\" id=\"BLOGGER_PHOTO_ID_5459038366519817026\" border=\"0\" alt=\"\" src=\"http:\/\/1.bp.blogspot.com\/_DSKVEvHtskc\/S8JmeJukc0I\/AAAAAAAAGaQ\/wCuHqmHxgG0\/s400\/Paulo+Autran+P.JPG\" \/><\/a> Ol\u00e1 amigos cultos e ocultos! Dando a todos mais uma colher de ch\u00e1 de poesia, eu deixo para a postagem de hoje outra boa op\u00e7\u00e3o, Paulo Autran em alguns de seus melhores momentos. Neste disco ele recita Casimiro de Abreu, Castro Alves, Carlos Drummond, Vinicius de Moraes, Millor Fernandes, Mario Quintana, Sergio Porto, Luiz Fernando Ver\u00edssimo e Chico Buarque. Puxa, quanta gente boa! N\u00e3o d\u00e1 outra, sucesso total. \u00d3tima a interpreta\u00e7\u00e3o de Paulo, que incorpora como poucos os personagens de tantas hist\u00f3rias e autores. Confiram&#8230;<\/p>\n<div align=\"center\">ela &#8211; luiz fernando ver\u00edssimo<\/div>\n<div align=\"center\">televis\u00e3o &#8211; chico buarque<\/div>\n<div align=\"center\">poesia matem\u00e1tica &#8211; mill\u00f4r fernandes<\/div>\n<div align=\"center\">sonho imposs\u00edvel &#8211; chico buarque<\/div>\n<div align=\"center\">&#8216;discurso de marco antonio&#8217; de j\u00falio cesar &#8211; mill\u00f4r fernandes<\/div>\n<div align=\"center\">a valsa &#8211; casimiro de abreu<\/div>\n<div align=\"center\">poema de gare de astapovo &#8211; mario quintana<\/div>\n<div align=\"center\">poema enjoadinho &#8211; vinicius de moraes<\/div>\n<div align=\"center\">divis\u00e3o &#8211; sergo porto<\/div>\n<div align=\"center\">debaixo da ponte &#8211; carlos drummond de andrade<\/div>\n<div align=\"center\">final de &#8216;o navio negreiro&#8217; &#8211; castro alves<\/div>\n<div align=\"center\"> <\/div>\n","protected":false},"excerpt":{"rendered":"<p>Ol\u00e1 amigos cultos e ocultos! Dando a todos mais uma colher de ch\u00e1 de poesia, eu deixo para a postagem de hoje outra boa op\u00e7\u00e3o, Paulo Autran em alguns de seus melhores momentos. Neste disco ele recita Casimiro de Abreu, &hellip; <a href=\"https:\/\/www.toque-musicall.com\/?p=879\">Continue lendo <span class=\"meta-nav\">&rarr;<\/span><\/a><\/p>\n","protected":false},"author":1,"featured_media":0,"comment_status":"open","ping_status":"closed","sticky":false,"template":"","format":"standard","meta":{"footnotes":""},"categories":[1187,318],"tags":[],"class_list":["post-879","post","type-post","status-publish","format-standard","hentry","category-paulo-autran","category-poesia"],"_links":{"self":[{"href":"https:\/\/www.toque-musicall.com\/index.php?rest_route=\/wp\/v2\/posts\/879","targetHints":{"allow":["GET"]}}],"collection":[{"href":"https:\/\/www.toque-musicall.com\/index.php?rest_route=\/wp\/v2\/posts"}],"about":[{"href":"https:\/\/www.toque-musicall.com\/index.php?rest_route=\/wp\/v2\/types\/post"}],"author":[{"embeddable":true,"href":"https:\/\/www.toque-musicall.com\/index.php?rest_route=\/wp\/v2\/users\/1"}],"replies":[{"embeddable":true,"href":"https:\/\/www.toque-musicall.com\/index.php?rest_route=%2Fwp%2Fv2%2Fcomments&post=879"}],"version-history":[{"count":0,"href":"https:\/\/www.toque-musicall.com\/index.php?rest_route=\/wp\/v2\/posts\/879\/revisions"}],"wp:attachment":[{"href":"https:\/\/www.toque-musicall.com\/index.php?rest_route=%2Fwp%2Fv2%2Fmedia&parent=879"}],"wp:term":[{"taxonomy":"category","embeddable":true,"href":"https:\/\/www.toque-musicall.com\/index.php?rest_route=%2Fwp%2Fv2%2Fcategories&post=879"},{"taxonomy":"post_tag","embeddable":true,"href":"https:\/\/www.toque-musicall.com\/index.php?rest_route=%2Fwp%2Fv2%2Ftags&post=879"}],"curies":[{"name":"wp","href":"https:\/\/api.w.org\/{rel}","templated":true}]}}