{"id":8794,"date":"2021-09-13T08:59:00","date_gmt":"2021-09-13T11:59:00","guid":{"rendered":"https:\/\/www.toque-musicall.com\/?p=8794"},"modified":"2021-09-18T09:10:53","modified_gmt":"2021-09-18T12:10:53","slug":"ritmos-da-panair-sucessos-do-carnaval-1957","status":"publish","type":"post","link":"https:\/\/www.toque-musicall.com\/?p=8794","title":{"rendered":"Ritmos Da Panair &#8211; Sucessos Do Carnaval (1957)"},"content":{"rendered":"\n<figure class=\"wp-block-image size-large\"><img decoding=\"async\" src=\"https:\/\/1.bp.blogspot.com\/-wRYiLnkCTqQ\/YUVR2KYemKI\/AAAAAAAAUY8\/UbzyB82lLEIRnagqVPp2f7XbkIDXMP0hwCLcBGAsYHQ\/w630-h640\/Captura%2Bde%2Btela%2B2021-09-08%2B203440.jpg\" alt=\"\"\/><\/figure>\n\n\n\n<figure class=\"wp-block-image size-large\"><img decoding=\"async\" src=\"https:\/\/1.bp.blogspot.com\/-rqefDSHyQ5k\/YUVR2MR8_EI\/AAAAAAAAUZA\/zCmSZH7sgz8x_IsnDpiaP43PM9NH3EDvACLcBGAsYHQ\/w634-h640\/Captura%2Bde%2Btela%2B2021-09-08%2B203601.jpg\" alt=\"\"\/><\/figure>\n\n\n\n<figure class=\"wp-block-image size-large\"><img decoding=\"async\" src=\"https:\/\/1.bp.blogspot.com\/-xXLYCUzTWDk\/YUVR3GgkN9I\/AAAAAAAAUZI\/Z7OPmyvP354nzqcu_YOhpobrzo4k1kq4wCLcBGAsYHQ\/w640-h640\/Captura%2Bde%2Btela%2B2021-09-17%2B234101.jpg\" alt=\"\"\/><\/figure>\n\n\n\n<figure class=\"wp-block-image size-large\"><img decoding=\"async\" src=\"https:\/\/1.bp.blogspot.com\/-gxcgrD_bIiM\/YUVR2Q_U5sI\/AAAAAAAAUZE\/D2fEjWNKhD489QzHsWZ6UerL31RlkOpPgCLcBGAsYHQ\/w636-h640\/Captura%2Bde%2Btela%2B2021-09-17%2B234016.jpg\" alt=\"\"\/><\/figure>\n\n\n\n<p><\/p>\n\n\n<div class=\"separator\">Bom dia, meus caros amigos cultos e ocultos! Hoje eu resolvi quebrar a rotina das \u00faltimas semanas com postagens alternadas de dez e doze polegadas. Vamos mais uma vez com um disquinho de 10&#8243;. Ali\u00e1s, dois disquinhos de 10 polegadas. Aqui tenho &#8220;Sucessos de Carnaval&#8221; lan\u00e7ado provavelmente em 1957, pela Continental. Trata-se de um disco de marchas e sambas carnavalescos, uma sele\u00e7\u00e3o de 24 m\u00fasicas distribu\u00eddas ao longo dos dois lados deste lp. Para tanto, a Continental recrutou alguns de seus prestigiados artistas: Emilinha Borba, Jorge Goulart e Gilberto Milfont, sobe a dire\u00e7\u00e3o e arranjos de Radam\u00e9s Gnattali, para juntos interpretarem este alegre repert\u00f3rio, reunindo verdadeiros cl\u00e1ssicos dos sal\u00f5es e avenidas. Este mesmo lp voltaria a cena um ou dois anos depois na s\u00e9rie promocional criada para a Panair. Segundo contam, era um disquinho de brinde dado aos seu clientes passageiros da saudosa empresa a\u00e9rea que virou at\u00e9 m\u00fasica na voz de Milton Nascimento em &#8220;Saudades da Panair&#8221;. Por essas e outras foi que eu achei por bem de apresentar os dois discos juntos. Vamos conferir no GTM este pout-pourri?<\/div>\n<div class=\"separator\">\u00a0<\/div>\n<div class=\"separator\">pra\u00e7a onze<\/div>\n<div class=\"separator\">uma promessa<\/div>\n<div class=\"separator\">abra a janela<\/div>\n<div class=\"separator\">o orvalho vem caindo<\/div>\n<div class=\"separator\">cai&#8230; cai&#8230;<\/div>\n<div class=\"separator\">atire a primeira pedra<\/div>\n<div class=\"separator\">n\u00e3o tenho l\u00e1grimas<\/div>\n<div class=\"separator\">implorar<\/div>\n<div class=\"separator\">n\u00eaga do cabelo duro<\/div>\n<div class=\"separator\">helena&#8230; helena&#8230;<\/div>\n<div class=\"separator\">ai que saudades da am\u00e9lia<\/div>\n<div class=\"separator\">\u00e9 bom parar<\/div>\n<div class=\"separator\">teu cabelo n\u00e3o nega<\/div>\n<div class=\"separator\">linda morena<\/div>\n<div class=\"separator\">linda lourinha<\/div>\n<div class=\"separator\">jardineira<\/div>\n<div class=\"separator\">ride palha\u00e7o<\/div>\n<div class=\"separator\">t&#8217;hai<\/div>\n<div class=\"separator\">pierr\u00f4 apaixonado<\/div>\n<div class=\"separator\">marchinha do grande galo<\/div>\n<div class=\"separator\">pirolito<\/div>\n<div class=\"separator\">aurora<\/div>\n<div class=\"separator\">chiquita bacana<\/div>\n<div class=\"separator\">touradas de madrid<\/div>\n<div class=\"separator\">\u00a0<\/div>\n<div class=\"separator\">\u00a0<\/div>\n<div class=\"separator\">.<\/div>\n\n\n<p><\/p>\n","protected":false},"excerpt":{"rendered":"<p>Bom dia, meus caros amigos cultos e ocultos! Hoje eu resolvi quebrar a rotina das \u00faltimas semanas com postagens alternadas de dez e doze polegadas. Vamos mais uma vez com um disquinho de 10&#8243;. Ali\u00e1s, dois disquinhos de 10 polegadas. &hellip; <a href=\"https:\/\/www.toque-musicall.com\/?p=8794\">Continue lendo <span class=\"meta-nav\">&rarr;<\/span><\/a><\/p>\n","protected":false},"author":1,"featured_media":0,"comment_status":"closed","ping_status":"closed","sticky":false,"template":"","format":"standard","meta":{"footnotes":""},"categories":[263,725,120,84,396,4763,40],"tags":[3458,4759,4761,4656,4764,4762,3327],"class_list":["post-8794","post","type-post","status-publish","format-standard","hentry","category-carnaval","category-emilinha-borba","category-gilberto-milfont","category-jorge-goulart","category-radames-gnattali","category-ritmos-da-panair","category-selo-continental","tag-carnaval","tag-emilinha-borba","tag-gilberto-milfont","tag-jorge-goulart","tag-radames-gnattali","tag-ritmos-da-panair","tag-selo-continental"],"_links":{"self":[{"href":"https:\/\/www.toque-musicall.com\/index.php?rest_route=\/wp\/v2\/posts\/8794","targetHints":{"allow":["GET"]}}],"collection":[{"href":"https:\/\/www.toque-musicall.com\/index.php?rest_route=\/wp\/v2\/posts"}],"about":[{"href":"https:\/\/www.toque-musicall.com\/index.php?rest_route=\/wp\/v2\/types\/post"}],"author":[{"embeddable":true,"href":"https:\/\/www.toque-musicall.com\/index.php?rest_route=\/wp\/v2\/users\/1"}],"replies":[{"embeddable":true,"href":"https:\/\/www.toque-musicall.com\/index.php?rest_route=%2Fwp%2Fv2%2Fcomments&post=8794"}],"version-history":[{"count":2,"href":"https:\/\/www.toque-musicall.com\/index.php?rest_route=\/wp\/v2\/posts\/8794\/revisions"}],"predecessor-version":[{"id":8796,"href":"https:\/\/www.toque-musicall.com\/index.php?rest_route=\/wp\/v2\/posts\/8794\/revisions\/8796"}],"wp:attachment":[{"href":"https:\/\/www.toque-musicall.com\/index.php?rest_route=%2Fwp%2Fv2%2Fmedia&parent=8794"}],"wp:term":[{"taxonomy":"category","embeddable":true,"href":"https:\/\/www.toque-musicall.com\/index.php?rest_route=%2Fwp%2Fv2%2Fcategories&post=8794"},{"taxonomy":"post_tag","embeddable":true,"href":"https:\/\/www.toque-musicall.com\/index.php?rest_route=%2Fwp%2Fv2%2Ftags&post=8794"}],"curies":[{"name":"wp","href":"https:\/\/api.w.org\/{rel}","templated":true}]}}