{"id":8797,"date":"2021-09-15T09:30:00","date_gmt":"2021-09-15T12:30:00","guid":{"rendered":"https:\/\/www.toque-musicall.com\/?p=8797"},"modified":"2021-09-19T09:39:33","modified_gmt":"2021-09-19T12:39:33","slug":"carnaval-de-57-1957","status":"publish","type":"post","link":"https:\/\/www.toque-musicall.com\/?p=8797","title":{"rendered":"Carnaval de 57 (1957)"},"content":{"rendered":"\n<figure class=\"wp-block-image size-large\"><img decoding=\"async\" src=\"https:\/\/1.bp.blogspot.com\/-47WT7iGdn-E\/YUa_-KCcZ1I\/AAAAAAAAUZY\/pR8KjtOjn74rzPUdWZO-7gR-Pe4BMVeVACLcBGAsYHQ\/w634-h640\/Captura%2Bde%2Btela%2B2021-09-05%2B173443.jpg\" alt=\"\"\/><\/figure>\n\n\n\n<figure class=\"wp-block-image size-large\"><img decoding=\"async\" src=\"https:\/\/1.bp.blogspot.com\/-CXnQAaFffCE\/YUa_-JhrewI\/AAAAAAAAUZc\/SlM5tiuiPSkVJEqrAMj5iYvdqLOpYkHlQCLcBGAsYHQ\/w640-h640\/Captura%2Bde%2Btela%2B2021-09-05%2B173629.jpg\" alt=\"\"\/><\/figure>\n\n\n<div class=\"separator\">Ol\u00e1, meus amigos cultos e ocultos! Ao que tudo indica, nos pr\u00f3ximos dias, s\u00f3 teremos no GTM links pelo Depositfiles, pois, pelo Mediafire nossa conta j\u00e1 esgotou. Sei que muitos preferem o Mediafire, mas infelizmente teremos que nos contentar com o outro, temporariamente, ok?<\/div>\n<div class=\"separator\">Hoje eu vou trazer mais um disco de carnaval, bem parecido o do &#8220;Ritmos da Panair&#8221;, pois aqui tamb\u00e9m \u00e9 s\u00f3 sucessos, nas vozes de Emilinha Borba, Jorge Goulart, Vera L\u00facia, Ruy Rey,\u00a0 Vagalumes do Luar, Duo Guaruj\u00e1, Bill Farr, Nora Ney, Jamel\u00e3o, Gilberto Milfont e Risadinha. Uma sele\u00e7\u00e3o, hoje cl\u00e1ssica, da Continental para o Carnaval de 1957. Neste lp de 10 polegadas as m\u00fasicas fazem parte deu um imenso pot pourri carnavalesco, sem pausa. N\u00e3o deixem de conferir no GTM&#8230;<\/div>\n<div class=\"separator\">\u00a0<\/div>\n<div class=\"separator\">vai com jeito &#8211; emilinha borba<\/div>\n<div class=\"separator\">infla\u00e7\u00e3o de mulheres &#8211; jorge goulart<\/div>\n<div class=\"separator\">olha o jacar\u00e9 &#8211; vera l\u00facia<\/div>\n<div class=\"separator\">seu romeu &#8211; ruy rey<\/div>\n<div class=\"separator\">os olhos da morena &#8211; vagalumes do luar<\/div>\n<div class=\"separator\">marcha do garraf\u00e3o &#8211; duo guaruj\u00e1<\/div>\n<div class=\"separator\">vamos beber &#8211; bill farr<\/div>\n<div class=\"separator\">n\u00e3o vou chorar &#8211; nora ney<\/div>\n<div class=\"separator\">n\u00e3o quero mais amar ningu\u00e9m &#8211; jamel\u00e3o<\/div>\n<div class=\"separator\">vou pensar &#8211; gilberto milfont<\/div>\n<div class=\"separator\">teu falso amor &#8211; risadinha<\/div>\n<div class=\"separator\">\u00a0<\/div>\n<div class=\"separator\">.<\/div>\n<div class=\"separator\">\u00a0<\/div>","protected":false},"excerpt":{"rendered":"<p>Ol\u00e1, meus amigos cultos e ocultos! Ao que tudo indica, nos pr\u00f3ximos dias, s\u00f3 teremos no GTM links pelo Depositfiles, pois, pelo Mediafire nossa conta j\u00e1 esgotou. Sei que muitos preferem o Mediafire, mas infelizmente teremos que nos contentar com &hellip; <a href=\"https:\/\/www.toque-musicall.com\/?p=8797\">Continue lendo <span class=\"meta-nav\">&rarr;<\/span><\/a><\/p>\n","protected":false},"author":1,"featured_media":0,"comment_status":"closed","ping_status":"closed","sticky":false,"template":"","format":"standard","meta":{"footnotes":""},"categories":[2072,263,725,120,1005,84,160,352,351,40,4769,452],"tags":[4768,3458,4766,4759,4761,3706,4678,3554,3326,3327,4767,4770],"class_list":["post-8797","post","type-post","status-publish","format-standard","hentry","category-bill-farr","category-carnaval","category-emilinha-borba","category-gilberto-milfont","category-jamelao","category-jorge-goulart","category-nora-ney","category-risadinha","category-ruy-rey","category-selo-continental","category-vagalumes-do-luar","category-vera-lucia","tag-bill-farr","tag-carnaval","tag-duo-guaruja","tag-emilinha-borba","tag-gilberto-milfont","tag-jamelao","tag-nora-ney","tag-risadinha","tag-ruy-rey","tag-selo-continental","tag-vagalumes-do-luar","tag-vera-lucia-2"],"_links":{"self":[{"href":"https:\/\/www.toque-musicall.com\/index.php?rest_route=\/wp\/v2\/posts\/8797","targetHints":{"allow":["GET"]}}],"collection":[{"href":"https:\/\/www.toque-musicall.com\/index.php?rest_route=\/wp\/v2\/posts"}],"about":[{"href":"https:\/\/www.toque-musicall.com\/index.php?rest_route=\/wp\/v2\/types\/post"}],"author":[{"embeddable":true,"href":"https:\/\/www.toque-musicall.com\/index.php?rest_route=\/wp\/v2\/users\/1"}],"replies":[{"embeddable":true,"href":"https:\/\/www.toque-musicall.com\/index.php?rest_route=%2Fwp%2Fv2%2Fcomments&post=8797"}],"version-history":[{"count":4,"href":"https:\/\/www.toque-musicall.com\/index.php?rest_route=\/wp\/v2\/posts\/8797\/revisions"}],"predecessor-version":[{"id":8802,"href":"https:\/\/www.toque-musicall.com\/index.php?rest_route=\/wp\/v2\/posts\/8797\/revisions\/8802"}],"wp:attachment":[{"href":"https:\/\/www.toque-musicall.com\/index.php?rest_route=%2Fwp%2Fv2%2Fmedia&parent=8797"}],"wp:term":[{"taxonomy":"category","embeddable":true,"href":"https:\/\/www.toque-musicall.com\/index.php?rest_route=%2Fwp%2Fv2%2Fcategories&post=8797"},{"taxonomy":"post_tag","embeddable":true,"href":"https:\/\/www.toque-musicall.com\/index.php?rest_route=%2Fwp%2Fv2%2Ftags&post=8797"}],"curies":[{"name":"wp","href":"https:\/\/api.w.org\/{rel}","templated":true}]}}