{"id":88,"date":"2012-04-21T14:38:00","date_gmt":"2012-04-21T14:38:00","guid":{"rendered":"http:\/\/www.toque-musicall.com\/?p=88"},"modified":"2012-04-21T14:38:00","modified_gmt":"2012-04-21T14:38:00","slug":"brazil-fantastico-24-original-hits-from-brazil-1977","status":"publish","type":"post","link":"https:\/\/www.toque-musicall.com\/?p=88","title":{"rendered":"Brazil Fantastico &#8211; 24 Original Hits From Brazil (1977)"},"content":{"rendered":"<p><a href=\"http:\/\/2.bp.blogspot.com\/-Ssj8NIsuaZo\/T5LHD_MWsSI\/AAAAAAAABl8\/dnPNR_U9z4Y\/s1600\/capa+P.JPG\"><img decoding=\"async\" style=\"display:block; margin:0px auto 10px; text-align:center;cursor:pointer; cursor:hand;width: 400px; height: 387px;\" src=\"http:\/\/2.bp.blogspot.com\/-Ssj8NIsuaZo\/T5LHD_MWsSI\/AAAAAAAABl8\/dnPNR_U9z4Y\/s400\/capa+P.JPG\" border=\"0\" alt=\"\" id=\"BLOGGER_PHOTO_ID_5733864146912850210\" \/><\/a><a href=\"http:\/\/3.bp.blogspot.com\/--cubj45egXc\/T5LG_7QP5LI\/AAAAAAAABlw\/Wl5EFc8BWlA\/s1600\/contracapaP.JPG\"><img decoding=\"async\" style=\"display:block; margin:0px auto 10px; text-align:center;cursor:pointer; cursor:hand;width: 400px; height: 395px;\" src=\"http:\/\/3.bp.blogspot.com\/--cubj45egXc\/T5LG_7QP5LI\/AAAAAAAABlw\/Wl5EFc8BWlA\/s400\/contracapaP.JPG\" border=\"0\" alt=\"\" id=\"BLOGGER_PHOTO_ID_5733864077135963314\" \/><\/a>Boa tarde, amigos cultos, ocultos e associados de plant\u00e3o! Ontem foi o Dia Nacional do Vinil. Eu, sinceramente, nem sabia que havia uma data comemorativa para as bolachas. Escolheram o dia 20 de abril em homenagem \u00e0 Ataulfo Alves, na data de sua morte. Estranho, podiam talvez terem escolhido a data do nascimento. Eu n\u00e3o tenho nada contra, mas vejo tantas outras op\u00e7\u00f5es. 5 de abril, por exemplo, para n\u00e3o sair do m\u00eas, faria mais sentido. \u00c9 a data de nascimento de outro compositor, o Donga, autor do primeiro samba gravado no Brasil. Bom&#8230; mas enfim, viva o vinil! Vamos continuar mantendo a cultura da bolacha, seja ela 33, 45 ou 78 rpm \ud83d\ude09<\/p>\n<div>Para o dia de hoje, que eu tenho ent\u00e3o tomado para as postagens de colet\u00e2neas (em geral), trago para voc\u00eas este curioso \u00e1lbum duplo, lan\u00e7ado na Alemanha nos anos 70. Curioso mesmo: m\u00fasica popular brasileira, lan\u00e7ado na Alemanha e com o t\u00edtulo em ingl\u00eas. Ah, o texto interno \u00e9 todo em alem\u00e3o e o repert\u00f3rio \u00e9 uma verdadeira &#8216;gemischte salat&#8217;. Uma sele\u00e7\u00e3o das mais improv\u00e1veis, s\u00f3 mesmo poss\u00edvel na mentalidade do estrangeiro. Observando o \u00e1lbum num todo, n\u00e3o vi nenhuma referencia \u00e0s gravadoras e editoras nacionais. N\u00e3o duvido nada que este lp tenha sido lan\u00e7ado l\u00e1 fora sem autoriza\u00e7\u00e3o das editoras e seus artistas. \u00c9 bem prov\u00e1vel que eles nem saibam da exist\u00eancia do disco. O certo \u00e9 que temos aqui 24 m\u00fasicas que procuram passear por diferentes g\u00eaneros na ent\u00e3o &#8216;MPB setentona&#8217;. Vejam s\u00f3 o que o &#8216;Fritz&#8217; nos preparou:<\/div>\n<div><\/div>\n<div style=\"text-align: center;\">quem for flamego &#8211; angelo antonio<\/div>\n<div style=\"text-align: center;\">mercado modelo &#8211; vanusa<\/div>\n<div style=\"text-align: center;\">a dan\u00e7a do meu lugar -a gep\u00ea<\/div>\n<div style=\"text-align: center;\">rei da paz &#8211; os famks<\/div>\n<div style=\"text-align: center;\">a\u00e7ucar candy &#8211; ney matogrosso<\/div>\n<div style=\"text-align: center;\">birinaites blues &#8211; f\u00e1bio<\/div>\n<div style=\"text-align: center;\">l\u00e1 vem o trem &#8211; agep\u00ea<\/div>\n<div style=\"text-align: center;\">mundo invis\u00edvel &#8211; s\u00e1 e guarabyra com marisa fossa<\/div>\n<div style=\"text-align: center;\">\u00e1gua viva &#8211; tom e dito<\/div>\n<div style=\"text-align: center;\">camisa 10 da g\u00e1vea &#8211; maria alcina<\/div>\n<div style=\"text-align: center;\">na baixa do sapateiro &#8211; waldir azevedo<\/div>\n<div style=\"text-align: center;\">bambeia\/sert\u00f5es\/madeira de lei &#8211; grupo sambari\u00f4<\/div>\n<div style=\"text-align: center;\">bai\u00e3o &#8211; severino ara\u00fajo e sua orquestra tabajara<\/div>\n<div style=\"text-align: center;\">vinte meninas &#8211; tom e dito<\/div>\n<div style=\"text-align: center;\">carta de auforria\/zagueiro\/verde e branco &#8211; grupo sambari\u00f4<\/div>\n<div style=\"text-align: center;\">vai atr\u00e1s da vida que ela te espera &#8211; guilherme lamounier<\/div>\n<div style=\"text-align: center;\">todo prosa &#8211; sonia lemos<\/div>\n<div style=\"text-align: center;\">moro onde n\u00e3o mora ningu\u00e9m &#8211; agep\u00ea<\/div>\n<div style=\"text-align: center;\">curta metragem &#8211; tetty<\/div>\n<div style=\"text-align: center;\">para o mundo que eu quero descer\/soy latino americano\/eu nasci a dez mil anos atr\u00e1s &#8211; os motokas<\/div>\n<div style=\"text-align: center;\">baianinha boa &#8211; sonia lemos<\/div>\n<div style=\"text-align: center;\">fracassos &#8211; fagner<\/div>\n<div style=\"text-align: center;\">a espera &#8211; painel de controle<\/div>\n<div style=\"text-align: center;\"><\/div>\n<div style=\"text-align: center;\"><\/div>\n","protected":false},"excerpt":{"rendered":"<p>Boa tarde, amigos cultos, ocultos e associados de plant\u00e3o! Ontem foi o Dia Nacional do Vinil. Eu, sinceramente, nem sabia que havia uma data comemorativa para as bolachas. Escolheram o dia 20 de abril em homenagem \u00e0 Ataulfo Alves, na &hellip; <a href=\"https:\/\/www.toque-musicall.com\/?p=88\">Continue lendo <span class=\"meta-nav\">&rarr;<\/span><\/a><\/p>\n","protected":false},"author":1,"featured_media":0,"comment_status":"open","ping_status":"closed","sticky":false,"template":"","format":"standard","meta":{"footnotes":""},"categories":[167,168],"tags":[],"class_list":["post-88","post","type-post","status-publish","format-standard","hentry","category-brazil-fantastico","category-selo-metronome"],"_links":{"self":[{"href":"https:\/\/www.toque-musicall.com\/index.php?rest_route=\/wp\/v2\/posts\/88","targetHints":{"allow":["GET"]}}],"collection":[{"href":"https:\/\/www.toque-musicall.com\/index.php?rest_route=\/wp\/v2\/posts"}],"about":[{"href":"https:\/\/www.toque-musicall.com\/index.php?rest_route=\/wp\/v2\/types\/post"}],"author":[{"embeddable":true,"href":"https:\/\/www.toque-musicall.com\/index.php?rest_route=\/wp\/v2\/users\/1"}],"replies":[{"embeddable":true,"href":"https:\/\/www.toque-musicall.com\/index.php?rest_route=%2Fwp%2Fv2%2Fcomments&post=88"}],"version-history":[{"count":0,"href":"https:\/\/www.toque-musicall.com\/index.php?rest_route=\/wp\/v2\/posts\/88\/revisions"}],"wp:attachment":[{"href":"https:\/\/www.toque-musicall.com\/index.php?rest_route=%2Fwp%2Fv2%2Fmedia&parent=88"}],"wp:term":[{"taxonomy":"category","embeddable":true,"href":"https:\/\/www.toque-musicall.com\/index.php?rest_route=%2Fwp%2Fv2%2Fcategories&post=88"},{"taxonomy":"post_tag","embeddable":true,"href":"https:\/\/www.toque-musicall.com\/index.php?rest_route=%2Fwp%2Fv2%2Ftags&post=88"}],"curies":[{"name":"wp","href":"https:\/\/api.w.org\/{rel}","templated":true}]}}