{"id":880,"date":"2010-04-10T23:15:00","date_gmt":"2010-04-10T23:15:00","guid":{"rendered":"http:\/\/www.toque-musicall.com\/?p=880"},"modified":"2010-04-10T23:15:00","modified_gmt":"2010-04-10T23:15:00","slug":"paulo-gracindo-diz-1975","status":"publish","type":"post","link":"https:\/\/www.toque-musicall.com\/?p=880","title":{"rendered":"Paulo Gracindo &#8211; Diz&#8230; (1975)"},"content":{"rendered":"<p><a href=\"http:\/\/3.bp.blogspot.com\/_DSKVEvHtskc\/S8EH9cKKGOI\/AAAAAAAAGaE\/5mIMoKV_Xbo\/s1600\/paulo+garcindo+P.JPG\"><img decoding=\"async\" style=\"TEXT-ALIGN: center; MARGIN: 0px auto 10px; WIDTH: 395px; DISPLAY: block; HEIGHT: 400px; CURSOR: hand\" id=\"BLOGGER_PHOTO_ID_5458652975461964002\" border=\"0\" alt=\"\" src=\"http:\/\/3.bp.blogspot.com\/_DSKVEvHtskc\/S8EH9cKKGOI\/AAAAAAAAGaE\/5mIMoKV_Xbo\/s400\/paulo+garcindo+P.JPG\" \/><\/a> Ufa! Finalmente liberado! Cansado, esgotado, mas liberado. Hoje eu ralei demais. Muito trabalho e pouco dinheiro. Mas tudo bem, eu n\u00e3o sou muito ambicioso. Sou como aquele poema do Nh\u00f4 Bento, &#8220;Pr\u00e1 mim, qualquer coisinha d\u00e1&#8221; \ud83d\ude42<br \/>E por falar em poesia e tamb\u00e9m em m\u00fasica, que tal este disquinho aqui? Tenho hoje para voc\u00eas um grande e saudoso ator, o &#8216;bem amado&#8217; Paulo Gracindo, recriando em forma de prosa e verso algumas das letras mais belas e conhecidas can\u00e7\u00f5es da nossa m\u00fasica popular brasileira. N\u00e3o me parece muito dif\u00edcil interpretar de forma recitada uma can\u00e7\u00e3o, principalmente quanto ela j\u00e1 nos \u00e9 familiar. Quando j\u00e1 a temos decorada no canto. Por\u00e9m, sempre acho que fica uma coisa meio for\u00e7ada, descontextualizada ou incompleta, sei l\u00e1&#8230; O certo \u00e9 que o Paulo Gracindo consegue atenuar isso, mesmo sendo o fundo musical que o acompanha, a m\u00fasica da letra que ele recita. Ele as interpreta sem exageros, sem ser piegas. A prop\u00f3sito, diga-se de passagem, o tal fundo musical n\u00e3o \u00e9 um mero floreio. S\u00e3o temas instrumentais muito bem arranjados pelo Maestro Gaya, agregando ao disco um lado musical significativo. Com certeza, quem n\u00e3o conhece vai gostar \ud83d\ude09 Confiram&#8230;<\/p>\n<div align=\"center\"><\/div>\n<div align=\"center\">meiga presen\u00e7a<\/div>\n<div align=\"center\">ch\u00e3o de estrelas<\/div>\n<div align=\"center\">com a\u00e7ucar, com afeto<\/div>\n<div align=\"center\">pr\u00e1 voc\u00ea<\/div>\n<div align=\"center\">por causa desta cabocla<\/div>\n<div align=\"center\">o mais que perfeito<\/div>\n<div align=\"center\">viagem<\/div>\n<div align=\"center\">estrada branca<\/div>\n<div align=\"center\">valsinha<\/div>\n<div align=\"center\">preciso aprender a ser s\u00f3<\/div>\n<div align=\"center\">maria <\/div>\n<div align=\"center\">suas m\u00e3os<\/div>\n<div align=\"center\"><\/div>\n<div align=\"center\"><\/div>\n","protected":false},"excerpt":{"rendered":"<p>Ufa! Finalmente liberado! Cansado, esgotado, mas liberado. Hoje eu ralei demais. Muito trabalho e pouco dinheiro. Mas tudo bem, eu n\u00e3o sou muito ambicioso. Sou como aquele poema do Nh\u00f4 Bento, &#8220;Pr\u00e1 mim, qualquer coisinha d\u00e1&#8221; \ud83d\ude42E por falar em &hellip; <a href=\"https:\/\/www.toque-musicall.com\/?p=880\">Continue lendo <span class=\"meta-nav\">&rarr;<\/span><\/a><\/p>\n","protected":false},"author":1,"featured_media":0,"comment_status":"open","ping_status":"closed","sticky":false,"template":"","format":"standard","meta":{"footnotes":""},"categories":[869,318],"tags":[],"class_list":["post-880","post","type-post","status-publish","format-standard","hentry","category-paulo-gracindo","category-poesia"],"_links":{"self":[{"href":"https:\/\/www.toque-musicall.com\/index.php?rest_route=\/wp\/v2\/posts\/880","targetHints":{"allow":["GET"]}}],"collection":[{"href":"https:\/\/www.toque-musicall.com\/index.php?rest_route=\/wp\/v2\/posts"}],"about":[{"href":"https:\/\/www.toque-musicall.com\/index.php?rest_route=\/wp\/v2\/types\/post"}],"author":[{"embeddable":true,"href":"https:\/\/www.toque-musicall.com\/index.php?rest_route=\/wp\/v2\/users\/1"}],"replies":[{"embeddable":true,"href":"https:\/\/www.toque-musicall.com\/index.php?rest_route=%2Fwp%2Fv2%2Fcomments&post=880"}],"version-history":[{"count":0,"href":"https:\/\/www.toque-musicall.com\/index.php?rest_route=\/wp\/v2\/posts\/880\/revisions"}],"wp:attachment":[{"href":"https:\/\/www.toque-musicall.com\/index.php?rest_route=%2Fwp%2Fv2%2Fmedia&parent=880"}],"wp:term":[{"taxonomy":"category","embeddable":true,"href":"https:\/\/www.toque-musicall.com\/index.php?rest_route=%2Fwp%2Fv2%2Fcategories&post=880"},{"taxonomy":"post_tag","embeddable":true,"href":"https:\/\/www.toque-musicall.com\/index.php?rest_route=%2Fwp%2Fv2%2Ftags&post=880"}],"curies":[{"name":"wp","href":"https:\/\/api.w.org\/{rel}","templated":true}]}}