{"id":8803,"date":"2021-09-16T09:39:00","date_gmt":"2021-09-16T12:39:00","guid":{"rendered":"https:\/\/www.toque-musicall.com\/?p=8803"},"modified":"2021-09-19T09:42:09","modified_gmt":"2021-09-19T12:42:09","slug":"a-voz-da-rca-victor-suplemento-no-8-novembro-1958","status":"publish","type":"post","link":"https:\/\/www.toque-musicall.com\/?p=8803","title":{"rendered":"A Voz Da RCA Victor &#8211; Suplemento N\u00ba 8 Novembro (1958)"},"content":{"rendered":"\n<figure class=\"wp-block-image size-large\"><img decoding=\"async\" src=\"https:\/\/1.bp.blogspot.com\/-_A10L3qNHPI\/YUcg8Y6mHKI\/AAAAAAAAUZs\/xONFkehTxkoUfLbMlCsr_9Drz1e1sI8SwCLcBGAsYHQ\/w634-h640\/Captura%2Bde%2Btela%2B2021-09-19%2B003142.jpg\" alt=\"\"\/><\/figure>\n\n\n\n<figure class=\"wp-block-image size-large\"><img decoding=\"async\" src=\"https:\/\/1.bp.blogspot.com\/-1UAb5U-MaaQ\/YUcg72ZpnEI\/AAAAAAAAUZo\/Xrxldh9htogpVLh2QaTDtGLgd72hfjsRgCLcBGAsYHQ\/w636-h640\/Captura%2Bde%2Btela%2B2021-09-19%2B002028.jpg\" alt=\"\"\/><\/figure>\n\n\n<div class=\"separator\">Bom dia a todos, amigos cultos e ocultos! H\u00e1 pouco tempo atr\u00e1s eu ganhei mais alguns disquinhos raros, desses que a gente n\u00e3o costuma ver por a\u00ed. Entre esses, h\u00e1 alguns lps da s\u00e9rie &#8220;A Voz da RCA Victor&#8221;, discos esses, promocionais, criado pela gravadora no sentido de divulgar seus lan\u00e7amentos. Discos esses direcionados, como est\u00e1 escrito no verso de alguns desses \u00e1lbuns, a vendedores, distribuidores e radialistas (no caso, como se chamavam antigamente, &#8216;disc-jockeys&#8217;). Essa s\u00e9rie surgiu nos anos 50, em produ\u00e7\u00e3o limitada e curiosamente, eram lps em 33 rpm e de 12 polegadas, onde eram apresentados os lan\u00e7amentos das bolachas de 78 rpm. S\u00e3o discos, realmente, muito interessantes e que hoje s\u00e3o bem cobi\u00e7ados por colecionadores. Infelizmente \u00e9 muito dif\u00edcil encontrar a s\u00e9rie completa, que come\u00e7a (me parece) em 1957. Outro detalhe infeliz \u00e9 o fato de que as m\u00fasicas n\u00e3o s\u00e3o apresentadas integralmente, apenas um pequeno trecho. Uma pena, pois considerando a qualidade em 33 rpm, muitos desses discos s\u00f3 ficaram mesmo em 78 e geralmente discos bem surrados. Aqui seria uma oportunidade de ouvi-los com mais pureza. Por certo, a RCA Victor, ou a Sony que hoje controla tudo, deve ter em algum lugar esses registros (ou n\u00e3o?). Est\u00e1 a\u00ed, um coisa que eu gostaria de saber.. Ser\u00e1 que existem ainda as fitas originais, ou c\u00f3pias restauradas? E onde ser\u00e1 que est\u00e3o guardadas? Enfim, seja como for, se voc\u00ea, meu amigo, quer conhecer coisas assim, s\u00f3 mesmo em lugares como este aqui, o Toque Musical, um espa\u00e7o independente, que embora criticado por cronistas e especialistas (os amigos ocultos que s\u00f3 entram para baixar as raridades), \u00e9 onde todos vem beber.<\/div>\n<div class=\"separator\">Como disse, tenho alguns desses discos da Voz da RCA Victor e eventualmente poderei ir postando aqui. Segue ent\u00e3o o Suplemento N\u00ba 8, de novembro de 1958. Acredito que voc\u00eas ir\u00e3o gostar. Confiram no nosso Grupo do Toque Musical, ok?\u00a0<\/div>\n<div class=\"separator\">\u00a0<\/div>\n<div class=\"separator\">alaide costa &#8211; can\u00e7\u00e3o de ir embora \/ gosto de voc\u00ea<\/div>\n<div class=\"separator\">ivon curi &#8211; patricia \/ hello brazil<\/div>\n<div class=\"separator\">linda baptista &#8211; cal\u00fania \/ o morro est\u00e1 doente<\/div>\n<div class=\"separator\">jorge goulart &#8211; palah\u00e7o \/ a flor do lodo<\/div>\n<div class=\"separator\">nora ney &#8211; solid\u00e3o \/ pra falar com meus bot\u00f5es<\/div>\n<div class=\"separator\">fred williams &#8211; barril de vinho \/ bai\u00e3o da minha terra<\/div>\n<div class=\"separator\">neusa maria &#8211; piccolissima serenata \/ descren\u00e7a<\/div>\n<div class=\"separator\">ester de abreu &#8211; sou fadista \/ sinal da cruz<\/div>\n<div class=\"separator\">torrinha e canhotinho &#8211; miss\u00e3o sagrada &#8211; reisado<\/div>\n<div class=\"separator\">bi\u00e9 e juquinha &#8211; sou eu \/ n\u00e3o posso perdoar<\/div>\n<div class=\"separator\">nenete e dorinho &#8211; meu pred\u00e3o \/ teu castigo<\/div>\n<div class=\"separator\">elvis presley &#8211; hard headed woman \/ don&#8217;t ask me why<\/div>\n<div class=\"separator\">julius la rosa &#8211; torero \/ milano<\/div>\n<div class=\"separator\">pedro vargas &#8211; en mala hora \/ cuando los a\u00f1os pasan<\/div>\n<div class=\"separator\">\u00a0<\/div>\n<div class=\"separator\">\u00a0<\/div>\n<div class=\"separator\">.<\/div>\n<div class=\"separator\">\u00a0<\/div>","protected":false},"excerpt":{"rendered":"<p>Bom dia a todos, amigos cultos e ocultos! H\u00e1 pouco tempo atr\u00e1s eu ganhei mais alguns disquinhos raros, desses que a gente n\u00e3o costuma ver por a\u00ed. Entre esses, h\u00e1 alguns lps da s\u00e9rie &#8220;A Voz da RCA Victor&#8221;, discos &hellip; <a href=\"https:\/\/www.toque-musicall.com\/?p=8803\">Continue lendo <span class=\"meta-nav\">&rarr;<\/span><\/a><\/p>\n","protected":false},"author":1,"featured_media":0,"comment_status":"closed","ping_status":"closed","sticky":false,"template":"","format":"standard","meta":{"footnotes":""},"categories":[4771,70],"tags":[4772,3061],"class_list":["post-8803","post","type-post","status-publish","format-standard","hentry","category-a-voz-da-rca-victor","category-selo-rca-victor","tag-a-voz-da-rca-victor","tag-selo-rca-victor"],"_links":{"self":[{"href":"https:\/\/www.toque-musicall.com\/index.php?rest_route=\/wp\/v2\/posts\/8803","targetHints":{"allow":["GET"]}}],"collection":[{"href":"https:\/\/www.toque-musicall.com\/index.php?rest_route=\/wp\/v2\/posts"}],"about":[{"href":"https:\/\/www.toque-musicall.com\/index.php?rest_route=\/wp\/v2\/types\/post"}],"author":[{"embeddable":true,"href":"https:\/\/www.toque-musicall.com\/index.php?rest_route=\/wp\/v2\/users\/1"}],"replies":[{"embeddable":true,"href":"https:\/\/www.toque-musicall.com\/index.php?rest_route=%2Fwp%2Fv2%2Fcomments&post=8803"}],"version-history":[{"count":1,"href":"https:\/\/www.toque-musicall.com\/index.php?rest_route=\/wp\/v2\/posts\/8803\/revisions"}],"predecessor-version":[{"id":8804,"href":"https:\/\/www.toque-musicall.com\/index.php?rest_route=\/wp\/v2\/posts\/8803\/revisions\/8804"}],"wp:attachment":[{"href":"https:\/\/www.toque-musicall.com\/index.php?rest_route=%2Fwp%2Fv2%2Fmedia&parent=8803"}],"wp:term":[{"taxonomy":"category","embeddable":true,"href":"https:\/\/www.toque-musicall.com\/index.php?rest_route=%2Fwp%2Fv2%2Fcategories&post=8803"},{"taxonomy":"post_tag","embeddable":true,"href":"https:\/\/www.toque-musicall.com\/index.php?rest_route=%2Fwp%2Fv2%2Ftags&post=8803"}],"curies":[{"name":"wp","href":"https:\/\/api.w.org\/{rel}","templated":true}]}}