{"id":8805,"date":"2021-09-17T00:29:00","date_gmt":"2021-09-17T03:29:00","guid":{"rendered":"https:\/\/www.toque-musicall.com\/?p=8805"},"modified":"2021-09-20T00:44:00","modified_gmt":"2021-09-20T03:44:00","slug":"conjunto-melodico-de-norberto-baldauf-ritmos-da-madrugada-1955","status":"publish","type":"post","link":"https:\/\/www.toque-musicall.com\/?p=8805","title":{"rendered":"Conjunto Mel\u00f3dico De Norberto Baldauf &#8211; Ritmos Da Madrugada (1955)"},"content":{"rendered":"\n<figure class=\"wp-block-image size-large\"><img decoding=\"async\" src=\"https:\/\/1.bp.blogspot.com\/-N4Af7gVQqBk\/YUfDe8d1G7I\/AAAAAAAAUZ8\/HrG06Ycxrp8UpuFftcooI43zR32R6F0uQCLcBGAsYHQ\/w636-h640\/Captura%2Bde%2Btela%2B2021-09-19%2B200747.jpg\" alt=\"\"\/><\/figure>\n\n\n\n<figure class=\"wp-block-image size-large\"><img decoding=\"async\" src=\"https:\/\/1.bp.blogspot.com\/-JByiTKkSAaQ\/YUfDe3W4HAI\/AAAAAAAAUZ4\/zhXtVb6B3g0IhigVE5yJODnIfm77cWHswCLcBGAsYHQ\/w636-h640\/Captura%2Bde%2Btela%2B2021-09-19%2B200920.jpg\" alt=\"\"\/><\/figure>\n\n\n<div class=\"separator\">Boa noite, meus prezados amigos cultos e ocultos! Aqui estamos com mais um disquinho de 10 polegadas. Desta vez temos os ga\u00fachos, Norberto Baldauf e seu Conjunto Mel\u00f3dico em seu primeiro lp, lan\u00e7ado pela Odeon, em 1955. Este grupo viria a trilhar os mesmos caminhos do j\u00e1 conhecido nacionalmente, Grupo Farroupilhas. Eles foram para o Rio de Janeiro gravar uma bolacha de 78 rpm, acabaram fazendo sucesso, o que lhes rendeu outros retornos a Cidade Maravilhosa e mais discos gravados. Desses, para um lp com v\u00e1rias m\u00fasicas, n\u00e3o tardou a chegar. Muito bem recebidos pelo p\u00fablico, acabaram conseguindo a chance de gravar este que foi o lp de estreia. &#8220;Ritmos da Madrugada&#8221; fez grande sucesso, o que garantiu ao grupo outros lan\u00e7amentos. Em seu repert\u00f3rio temos uma sele\u00e7\u00e3o de sambas cl\u00e1ssicos, bai\u00e3o e tango. Duas dessas composi\u00e7\u00f5es (Bai\u00e3o na Espanha e Duas Rota\u00e7\u00f5es) s\u00e3o de autoria de Victor Canella, o grande acordeonista do grupo. Tudo feito de maneira dan\u00e7ante, transformando o lado A, num verdadeiro pot pourri. Muito bom esses ga\u00fachos, vale a pena conhecer&#8230;<\/div>\n<div class=\"separator\">\u00a0<\/div>\n<div class=\"separator\">feiti\u00e7o da vila<\/div>\n<div class=\"separator\">no rancho fundo<\/div>\n<div class=\"separator\">sinceridad<\/div>\n<div class=\"separator\">peguei um ita no norte<\/div>\n<div class=\"separator\">felicidade<\/div>\n<div class=\"separator\">can\u00e7\u00e3o da volta<\/div>\n<div class=\"separator\">fita amarela<\/div>\n<div class=\"separator\">bai\u00e3o na espanha<\/div>\n<div class=\"separator\">copacabana<\/div>\n<div class=\"separator\">mano a mano<\/div>\n<div class=\"separator\">duas rota\u00e7\u00f5es<\/div>\n<div class=\"separator\">\u00a0<\/div>\n<div class=\"separator\">\u00a0<\/div>","protected":false},"excerpt":{"rendered":"<p>Boa noite, meus prezados amigos cultos e ocultos! Aqui estamos com mais um disquinho de 10 polegadas. Desta vez temos os ga\u00fachos, Norberto Baldauf e seu Conjunto Mel\u00f3dico em seu primeiro lp, lan\u00e7ado pela Odeon, em 1955. Este grupo viria &hellip; <a href=\"https:\/\/www.toque-musicall.com\/?p=8805\">Continue lendo <span class=\"meta-nav\">&rarr;<\/span><\/a><\/p>\n","protected":false},"author":1,"featured_media":0,"comment_status":"closed","ping_status":"closed","sticky":false,"template":"","format":"standard","meta":{"footnotes":""},"categories":[4774,86],"tags":[4773,3153],"class_list":["post-8805","post","type-post","status-publish","format-standard","hentry","category-conjunto-melodico-de-norberto-baldauf","category-selo-odeon","tag-conjunto-melodico-de-norberto-baldauf","tag-selo-odeon"],"_links":{"self":[{"href":"https:\/\/www.toque-musicall.com\/index.php?rest_route=\/wp\/v2\/posts\/8805","targetHints":{"allow":["GET"]}}],"collection":[{"href":"https:\/\/www.toque-musicall.com\/index.php?rest_route=\/wp\/v2\/posts"}],"about":[{"href":"https:\/\/www.toque-musicall.com\/index.php?rest_route=\/wp\/v2\/types\/post"}],"author":[{"embeddable":true,"href":"https:\/\/www.toque-musicall.com\/index.php?rest_route=\/wp\/v2\/users\/1"}],"replies":[{"embeddable":true,"href":"https:\/\/www.toque-musicall.com\/index.php?rest_route=%2Fwp%2Fv2%2Fcomments&post=8805"}],"version-history":[{"count":1,"href":"https:\/\/www.toque-musicall.com\/index.php?rest_route=\/wp\/v2\/posts\/8805\/revisions"}],"predecessor-version":[{"id":8806,"href":"https:\/\/www.toque-musicall.com\/index.php?rest_route=\/wp\/v2\/posts\/8805\/revisions\/8806"}],"wp:attachment":[{"href":"https:\/\/www.toque-musicall.com\/index.php?rest_route=%2Fwp%2Fv2%2Fmedia&parent=8805"}],"wp:term":[{"taxonomy":"category","embeddable":true,"href":"https:\/\/www.toque-musicall.com\/index.php?rest_route=%2Fwp%2Fv2%2Fcategories&post=8805"},{"taxonomy":"post_tag","embeddable":true,"href":"https:\/\/www.toque-musicall.com\/index.php?rest_route=%2Fwp%2Fv2%2Ftags&post=8805"}],"curies":[{"name":"wp","href":"https:\/\/api.w.org\/{rel}","templated":true}]}}