{"id":8812,"date":"2021-09-20T08:20:00","date_gmt":"2021-09-20T11:20:00","guid":{"rendered":"https:\/\/www.toque-musicall.com\/?p=8812"},"modified":"2021-09-26T15:30:55","modified_gmt":"2021-09-26T18:30:55","slug":"iv-festival-da-musica-popular-brasileira-volume-3-1968","status":"publish","type":"post","link":"https:\/\/www.toque-musicall.com\/?p=8812","title":{"rendered":"IV Festival Da Musica Popular Brasileira &#8211; Volume 3 (1968)"},"content":{"rendered":"\n<figure class=\"wp-block-image size-large\"><img decoding=\"async\" src=\"https:\/\/1.bp.blogspot.com\/-3pZyPqIzfig\/YU8QYQM2O-I\/AAAAAAAAUao\/ZmFVTE8kPz8w9_2ThQn9cUqb0vjLDsh2gCLcBGAsYHQ\/w640-h640\/Anota%25C3%25A7%25C3%25A3o%2B2021-09-25%2B090108.jpg\" alt=\"\"\/><\/figure>\n\n\n\n<figure class=\"wp-block-image size-large\"><img decoding=\"async\" src=\"https:\/\/1.bp.blogspot.com\/-JliPkaEMvUw\/YU8QYbkrBHI\/AAAAAAAAUas\/VJEU0-NpEcQwx1AeNquL0nFNbjlaD7RjgCLcBGAsYHQ\/w640-h634\/Captura%2Bde%2Btela%2B2021-08-18%2B104321.jpg\" alt=\"\"\/><\/figure>\n\n\n<div class=\"separator\">Muito bom dia a todos, amigos cultos e ocultos! Seguimos aqui com alguns atrasos, problemas t\u00e9cnicos, pessoais e musicais&#8230; Mas continuamos ativos e procurando sempre manter a sequencia di\u00e1ria.<\/div>\n<div class=\"separator\">E para o dia de hoje n\u00f3s temos aqui um disco de festival. Verifico que este n\u00f3s ainda n\u00e3o postamos, apenas e h\u00e1 um bom tempo atr\u00e1s o volume 1. Assim, aqui vai o volume 3 do IV Festival da M\u00fasica Popular Brasileira. Numa pr\u00f3xima oportunidade traremos o 2.\u00a0<\/div>\n<div class=\"separator\">Como todos j\u00e1 devem saber, este foi um dos grandes festivais realizado pela antiga TV Record de S\u00e3o Paulo, edi\u00e7\u00e3o de 1968. Este foi o \u00faltimo festival antes de ser decretado, pelos militares, o AI-5. E houve tanta m\u00fasica boa que mereceu v\u00e1rias premia\u00e7\u00f5es e tamb\u00e9m rendeu tr\u00eas discos. Neste volume vamos encontrar&#8230;<\/div>\n<div class=\"separator\">\u00a0<\/div>\n<div class=\"separator\">rosa da gente &#8211; nara le\u00e3o e edu lobo<\/div>\n<div class=\"separator\">descampado verde &#8211; mpb-4<\/div>\n<div class=\"separator\">o general e o muro &#8211; claudette soares<\/div>\n<div class=\"separator\">festa \u00e9 festa &#8211; os kantikos<\/div>\n<div class=\"separator\">a grande ausente &#8211; silvia maria<\/div>\n<div class=\"separator\">madrasta &#8211; renato teixeira<\/div>\n<div class=\"separator\">dois mil e um &#8211; os mutantes<\/div>\n<div class=\"separator\">bonita &#8211; trio maraya<\/div>\n<div class=\"separator\">eu tenho que andar mais lento &#8211; m\u00e1rcia<\/div>\n<div class=\"separator\">domingo de manh\u00e3 &#8211; l\u00facio alves<\/div>\n<div class=\"separator\">cajueiro velho &#8211; eduardo conde<\/div>\n<div class=\"separator\">\u00a0<\/div>\n<div class=\"separator\">.<\/div>\n<div class=\"separator\">\u00a0<\/div>","protected":false},"excerpt":{"rendered":"<p>Muito bom dia a todos, amigos cultos e ocultos! Seguimos aqui com alguns atrasos, problemas t\u00e9cnicos, pessoais e musicais&#8230; Mas continuamos ativos e procurando sempre manter a sequencia di\u00e1ria. E para o dia de hoje n\u00f3s temos aqui um disco &hellip; <a href=\"https:\/\/www.toque-musicall.com\/?p=8812\">Continue lendo <span class=\"meta-nav\">&rarr;<\/span><\/a><\/p>\n","protected":false},"author":1,"featured_media":0,"comment_status":"closed","ping_status":"closed","sticky":false,"template":"","format":"standard","meta":{"footnotes":""},"categories":[293,2844,278,4775,645,491,51,288,4777,4776,598,48,1882,949],"tags":[3367,3251,3123,3364,4778,4781,3337,3365,3575,4782,4779,3012,4780],"class_list":["post-8812","post","type-post","status-publish","format-standard","hentry","category-edu-lobo","category-eduardo-conde","category-festivais","category-iv-festival-da-musica-popular-brasileira-2","category-lucio-alves","category-marcia","category-mpb-4","category-nara-leao","category-os-kantikos","category-os-mutantes","category-renato-teixeira","category-selo-philips","category-silvia-maria","category-trio-maraya","tag-claudette-soares","tag-edu-lobo","tag-eduardo-conde","tag-festivais","tag-iv-festival-da-musica-popular-brasileira","tag-lucio-alves","tag-marcia","tag-mpb-4","tag-nara-leao","tag-os-kantikos","tag-renato-teixeira","tag-selo-philips","tag-silvia-maria"],"_links":{"self":[{"href":"https:\/\/www.toque-musicall.com\/index.php?rest_route=\/wp\/v2\/posts\/8812","targetHints":{"allow":["GET"]}}],"collection":[{"href":"https:\/\/www.toque-musicall.com\/index.php?rest_route=\/wp\/v2\/posts"}],"about":[{"href":"https:\/\/www.toque-musicall.com\/index.php?rest_route=\/wp\/v2\/types\/post"}],"author":[{"embeddable":true,"href":"https:\/\/www.toque-musicall.com\/index.php?rest_route=\/wp\/v2\/users\/1"}],"replies":[{"embeddable":true,"href":"https:\/\/www.toque-musicall.com\/index.php?rest_route=%2Fwp%2Fv2%2Fcomments&post=8812"}],"version-history":[{"count":1,"href":"https:\/\/www.toque-musicall.com\/index.php?rest_route=\/wp\/v2\/posts\/8812\/revisions"}],"predecessor-version":[{"id":8813,"href":"https:\/\/www.toque-musicall.com\/index.php?rest_route=\/wp\/v2\/posts\/8812\/revisions\/8813"}],"wp:attachment":[{"href":"https:\/\/www.toque-musicall.com\/index.php?rest_route=%2Fwp%2Fv2%2Fmedia&parent=8812"}],"wp:term":[{"taxonomy":"category","embeddable":true,"href":"https:\/\/www.toque-musicall.com\/index.php?rest_route=%2Fwp%2Fv2%2Fcategories&post=8812"},{"taxonomy":"post_tag","embeddable":true,"href":"https:\/\/www.toque-musicall.com\/index.php?rest_route=%2Fwp%2Fv2%2Ftags&post=8812"}],"curies":[{"name":"wp","href":"https:\/\/api.w.org\/{rel}","templated":true}]}}