{"id":8830,"date":"2021-09-28T21:35:00","date_gmt":"2021-09-29T00:35:00","guid":{"rendered":"https:\/\/www.toque-musicall.com\/?p=8830"},"modified":"2021-10-02T17:38:40","modified_gmt":"2021-10-02T20:38:40","slug":"a-voz-da-rca-victora-voz-da-rca-victor-suplemento-no-9-dezembro-1958","status":"publish","type":"post","link":"https:\/\/www.toque-musicall.com\/?p=8830","title":{"rendered":"A Voz Da RCA Victor\\A Voz Da RCA Victor &#8211; Suplemento N\u00ba 9 Dezembro (1958)"},"content":{"rendered":"\n<figure class=\"wp-block-image size-large\"><img decoding=\"async\" src=\"https:\/\/1.bp.blogspot.com\/-_DTurqntFjw\/YVeknfRNoRI\/AAAAAAAAUcs\/fDgXsZ2i9GYHMtOnrUwK-be6FLsLto-LgCLcBGAsYHQ\/w634-h640\/Captura%2Bde%2Btela%2B2021-09-19%2B003142.jpg\" alt=\"\"\/><\/figure>\n\n\n\n<figure class=\"wp-block-image size-large\"><img decoding=\"async\" src=\"https:\/\/1.bp.blogspot.com\/-cDF0tTFV1Y0\/YVeknaW2I7I\/AAAAAAAAUco\/MIhN-G1Icrw0Xr-lIn0pz5UG-ilC87MGACLcBGAsYHQ\/w630-h640\/Captura%2Bde%2Btela%2B2021-09-19%2B002142.jpg\" alt=\"\"\/><\/figure>\n\n\n<div class=\"separator\">Boa noite, caros amigos cultos e ocultos! Conforme informei numa primeira postagem, estarei apresentando alguns exemplares dos suplementos mensais dA Voz da RCA Victor, discos promocionais que a gravadora enviava para as r\u00e1dios e lojas de discos, nos anos 50. Aqui encontraremos, em boa parte do lp, artistas nacionais, mas cabe tamb\u00e9m espa\u00e7o para a divulga\u00e7\u00e3o de seus artistas estrangeiros. Confiram neste suplemento de dezembro de 1958 os seguintes artistas&#8230;<\/div>\n<div class=\"separator\">\u00a0<\/div>\n<div class=\"separator\">abertura<\/div>\n<div class=\"separator\">vicente celestino<\/div>\n<div class=\"separator\">luiz gonzaga<\/div>\n<div class=\"separator\">mario zan<\/div>\n<div class=\"separator\">ari lobo<\/div>\n<div class=\"separator\">severino januario\u00a0<\/div>\n<div class=\"separator\">ti\u00e3o carreiro e carreirinho<\/div>\n<div class=\"separator\">oscar e juli\u00e3o<\/div>\n<div class=\"separator\">expedito baracho<\/div>\n<div class=\"separator\">elvis presley<\/div>\n<div class=\"separator\">miguel aceves mejia<\/div>\n<div class=\"separator\">raphael bastos<\/div>\n<div class=\"separator\">frederico moreno torroba<\/div>\n<div class=\"separator\">\u00a0<\/div>\n<div class=\"separator\">.<\/div>","protected":false},"excerpt":{"rendered":"<p>Boa noite, caros amigos cultos e ocultos! Conforme informei numa primeira postagem, estarei apresentando alguns exemplares dos suplementos mensais dA Voz da RCA Victor, discos promocionais que a gravadora enviava para as r\u00e1dios e lojas de discos, nos anos 50. &hellip; <a href=\"https:\/\/www.toque-musicall.com\/?p=8830\">Continue lendo <span class=\"meta-nav\">&rarr;<\/span><\/a><\/p>\n","protected":false},"author":1,"featured_media":0,"comment_status":"closed","ping_status":"closed","sticky":false,"template":"","format":"standard","meta":{"footnotes":""},"categories":[4771,70],"tags":[4772,3061],"class_list":["post-8830","post","type-post","status-publish","format-standard","hentry","category-a-voz-da-rca-victor","category-selo-rca-victor","tag-a-voz-da-rca-victor","tag-selo-rca-victor"],"_links":{"self":[{"href":"https:\/\/www.toque-musicall.com\/index.php?rest_route=\/wp\/v2\/posts\/8830","targetHints":{"allow":["GET"]}}],"collection":[{"href":"https:\/\/www.toque-musicall.com\/index.php?rest_route=\/wp\/v2\/posts"}],"about":[{"href":"https:\/\/www.toque-musicall.com\/index.php?rest_route=\/wp\/v2\/types\/post"}],"author":[{"embeddable":true,"href":"https:\/\/www.toque-musicall.com\/index.php?rest_route=\/wp\/v2\/users\/1"}],"replies":[{"embeddable":true,"href":"https:\/\/www.toque-musicall.com\/index.php?rest_route=%2Fwp%2Fv2%2Fcomments&post=8830"}],"version-history":[{"count":1,"href":"https:\/\/www.toque-musicall.com\/index.php?rest_route=\/wp\/v2\/posts\/8830\/revisions"}],"predecessor-version":[{"id":8831,"href":"https:\/\/www.toque-musicall.com\/index.php?rest_route=\/wp\/v2\/posts\/8830\/revisions\/8831"}],"wp:attachment":[{"href":"https:\/\/www.toque-musicall.com\/index.php?rest_route=%2Fwp%2Fv2%2Fmedia&parent=8830"}],"wp:term":[{"taxonomy":"category","embeddable":true,"href":"https:\/\/www.toque-musicall.com\/index.php?rest_route=%2Fwp%2Fv2%2Fcategories&post=8830"},{"taxonomy":"post_tag","embeddable":true,"href":"https:\/\/www.toque-musicall.com\/index.php?rest_route=%2Fwp%2Fv2%2Ftags&post=8830"}],"curies":[{"name":"wp","href":"https:\/\/api.w.org\/{rel}","templated":true}]}}