{"id":8834,"date":"2021-09-30T18:06:00","date_gmt":"2021-09-30T21:06:00","guid":{"rendered":"https:\/\/www.toque-musicall.com\/?p=8834"},"modified":"2021-10-02T18:12:24","modified_gmt":"2021-10-02T21:12:24","slug":"pedrinho-mattar-os-farroupilhas-vera-brasil-e-edgard-12-x-bossa-nova-1965","status":"publish","type":"post","link":"https:\/\/www.toque-musicall.com\/?p=8834","title":{"rendered":"Pedrinho Mattar, Os Farroupilhas, Vera Brasil E Edgard &#8211; 12 x Bossa Nova (1965)"},"content":{"rendered":"\n<figure class=\"wp-block-image size-large\"><img decoding=\"async\" src=\"https:\/\/1.bp.blogspot.com\/-Ee5blZN_ZiU\/YVjEyMVHzeI\/AAAAAAAAUdM\/6oVwg3GmzFMV0Oym8D6Lvoyd4D6Ddxv8QCLcBGAsYHQ\/w634-h640\/Captura%2Bde%2Btela%2B2021-08-13%2B233350.jpg\" alt=\"\"\/><\/figure>\n\n\n\n<figure class=\"wp-block-image size-large\"><img decoding=\"async\" src=\"https:\/\/1.bp.blogspot.com\/-px0iGuFcRi4\/YVjE641FIuI\/AAAAAAAAUdU\/1czdLTrEpmkATsANP117nCWLPz8lT6qQgCLcBGAsYHQ\/w640-h634\/Captura%2Bde%2Btela%2B2021-08-13%2B233458.jpg\" alt=\"\"\/><\/figure>\n\n\n<div class=\"separator\">Boa tarde, meus prezados, amigos cultos e ocultos! Enfim chegamos ao final de mais um m\u00eas. L\u00e1 se vai setembro&#8230; mas para fechar, tenho aqui um disco de bossa, &#8220;12 x Bossa Nova&#8221;, um lan\u00e7amento do selo ga\u00facho Farroupilha trazendo quatro dos seus mais expressivos artistas\/grupo em pleno 1965. Disquinho bacana que traz Pedrinho Mattar Trio, Vera Brasil, Os Farroupilhas e Edgard e Seu Conjunto. Este \u00e1lbum \u00e9 na verdade uma colet\u00e2nea de divulga\u00e7\u00e3o desses artistas e as m\u00fasicas aqui contidas fazem parte de seus lps. Todos, por sinal, muito bons e curiosamente n\u00e3o temos nenhum deles postados aqui no Toque Musical. Faz ent\u00e3o todo sentido esta publica\u00e7\u00e3o, n\u00e3o \u00e9 mesmo? \ud83d\ude42 Confiram no GTM&#8230;<\/div>\n<div class=\"separator\">\u00a0<\/div>\n<div class=\"separator\">nan\u00e3 &#8211; os farroupilhas<\/div>\n<div class=\"separator\">quem \u00e9 home n\u00e3o chora &#8211; pedrinho mattar trio<\/div>\n<div class=\"separator\">amanh\u00e3 &#8211; edgard e seu conjunto<\/div>\n<div class=\"separator\">era uma vez &#8211; vera brasil<\/div>\n<div class=\"separator\">balan\u00e7o zona sul &#8211; os farroupilhas<\/div>\n<div class=\"separator\">samba de ver\u00e3o &#8211; pedrinho mattar trio<\/div>\n<div class=\"separator\">ela \u00e9 carioca &#8211; edgard e seu conjunto<\/div>\n<div class=\"separator\">samba bom &#8211; vera brasil<\/div>\n<div class=\"separator\">isso \u00e9 bossa nova &#8211; os farroupilhas<\/div>\n<div class=\"separator\">in\u00fatil paisagem &#8211; pedrinho mattar trio<\/div>\n<div class=\"separator\">deus brasileiro &#8211; edgard e seu conjunto<\/div>\n<div class=\"separator\">rimas de ningu\u00e9m &#8211; vera brasil<\/div>\n<div class=\"separator\">\u00a0<\/div>\n<div class=\"separator\">.<\/div>","protected":false},"excerpt":{"rendered":"<p>Boa tarde, meus prezados, amigos cultos e ocultos! Enfim chegamos ao final de mais um m\u00eas. L\u00e1 se vai setembro&#8230; mas para fechar, tenho aqui um disco de bossa, &#8220;12 x Bossa Nova&#8221;, um lan\u00e7amento do selo ga\u00facho Farroupilha trazendo &hellip; <a href=\"https:\/\/www.toque-musicall.com\/?p=8834\">Continue lendo <span class=\"meta-nav\">&rarr;<\/span><\/a><\/p>\n","protected":false},"author":1,"featured_media":0,"comment_status":"closed","ping_status":"closed","sticky":false,"template":"","format":"standard","meta":{"footnotes":""},"categories":[4796,4109,4797,3211,1949],"tags":[4799,4116,4801,3213,4800],"class_list":["post-8834","post","type-post","status-publish","format-standard","hentry","category-edgard-e-seu-conjunto","category-os-farroupilhas","category-pedrinho-mattar-trio","category-selo-farroupilha","category-vera-brasil","tag-edgard-e-seu-conjunto","tag-os-farroupilhas","tag-pedrinho-mattar-trio","tag-selo-farroupilha","tag-vera-brasil"],"_links":{"self":[{"href":"https:\/\/www.toque-musicall.com\/index.php?rest_route=\/wp\/v2\/posts\/8834","targetHints":{"allow":["GET"]}}],"collection":[{"href":"https:\/\/www.toque-musicall.com\/index.php?rest_route=\/wp\/v2\/posts"}],"about":[{"href":"https:\/\/www.toque-musicall.com\/index.php?rest_route=\/wp\/v2\/types\/post"}],"author":[{"embeddable":true,"href":"https:\/\/www.toque-musicall.com\/index.php?rest_route=\/wp\/v2\/users\/1"}],"replies":[{"embeddable":true,"href":"https:\/\/www.toque-musicall.com\/index.php?rest_route=%2Fwp%2Fv2%2Fcomments&post=8834"}],"version-history":[{"count":2,"href":"https:\/\/www.toque-musicall.com\/index.php?rest_route=\/wp\/v2\/posts\/8834\/revisions"}],"predecessor-version":[{"id":8836,"href":"https:\/\/www.toque-musicall.com\/index.php?rest_route=\/wp\/v2\/posts\/8834\/revisions\/8836"}],"wp:attachment":[{"href":"https:\/\/www.toque-musicall.com\/index.php?rest_route=%2Fwp%2Fv2%2Fmedia&parent=8834"}],"wp:term":[{"taxonomy":"category","embeddable":true,"href":"https:\/\/www.toque-musicall.com\/index.php?rest_route=%2Fwp%2Fv2%2Fcategories&post=8834"},{"taxonomy":"post_tag","embeddable":true,"href":"https:\/\/www.toque-musicall.com\/index.php?rest_route=%2Fwp%2Fv2%2Ftags&post=8834"}],"curies":[{"name":"wp","href":"https:\/\/api.w.org\/{rel}","templated":true}]}}