{"id":8839,"date":"2021-10-02T20:52:00","date_gmt":"2021-10-02T23:52:00","guid":{"rendered":"https:\/\/www.toque-musicall.com\/?p=8839"},"modified":"2021-10-03T20:54:26","modified_gmt":"2021-10-03T23:54:26","slug":"avena-de-castro-uma-citara-e-duas-rosas-1959","status":"publish","type":"post","link":"https:\/\/www.toque-musicall.com\/?p=8839","title":{"rendered":"Avena De Castro &#8211; Uma C\u00edtara E Duas Rosas (1959)"},"content":{"rendered":"\n<figure class=\"wp-block-image size-large\"><img decoding=\"async\" src=\"https:\/\/1.bp.blogspot.com\/-mk_tyWXV-8k\/YVo5UfvvdKI\/AAAAAAAAUd8\/wWS39ofODhsD7DdQ6mBLyou5CwmuH_zTgCLcBGAsYHQ\/w640-h626\/Capturar.JPG\" alt=\"\"\/><\/figure>\n\n\n\n<figure class=\"wp-block-image size-large\"><img decoding=\"async\" src=\"https:\/\/1.bp.blogspot.com\/-Wnk1tD_JUf4\/YVo5Uh-O8hI\/AAAAAAAAUeA\/hlOJiH30LmUt2UV0_tx6L2veHZ5FVrI4QCLcBGAsYHQ\/w640-h628\/Capturar%2Bb.JPG\" alt=\"\"\/><\/figure>\n\n\n<div class=\"separator\">Boa noite, meus camaradas, amigos cultos e ocultos! Vamos seguindo com nosso toque musical, di\u00e1rio (e com alguns atrasos, evidentemente). Desta vez trazendo um disco do compositor e citarista, Heitor Avena de Castro, talvez o \u00fanico instrumentista a usar a c\u00edtara na m\u00fasica popular brasileira. Embora fosse de forma\u00e7\u00e3o erudita, Avena de Castro se tornou conhecido gra\u00e7as a sua atua\u00e7\u00e3o em orquestras das R\u00e1dios Nacional, Jornal do Brasil e Roquette Pinto. Nos anos 50 ganha destaque gravando v\u00e1rios discos, principalmente valsas e choros, sendo este \u00faltimo o g\u00eanero que melhor o define.<\/div>\n<div class=\"separator\">Aqui temos dele este lp, lan\u00e7ado em 1959, onde encontramos um pouco de valsa, choro, samba, tango, polca, fado e can\u00e7\u00e3o. Boa parte, m\u00fasicas bem conhecidas do grande p\u00fablico. Acredito at\u00e9 que boa parte desses fonogramas foram lan\u00e7ados antes, em 78 rpm. Vamos conferir?<\/div>\n<div class=\"separator\">\u00a0<\/div>\n<div class=\"separator\">linguagem das flores<\/div>\n<div class=\"separator\">estrellita<\/div>\n<div class=\"separator\">can\u00e7\u00e3o vienense<\/div>\n<div class=\"separator\">despertar da montanha<\/div>\n<div class=\"separator\">luar de paquet\u00e1<\/div>\n<div class=\"separator\">maring\u00e1<\/div>\n<div class=\"separator\">miau miau<\/div>\n<div class=\"separator\">coimbra<\/div>\n<div class=\"separator\">a bela do tirol<\/div>\n<div class=\"separator\">torna e sorrento<\/div>\n<div class=\"separator\">quem sabe<\/div>\n<div class=\"separator\">cochilando<\/div>\n<div class=\"separator\">\u00a0<\/div>\n<div class=\"separator\">\u00a0<\/div>\n<div class=\"separator\">.<\/div>","protected":false},"excerpt":{"rendered":"<p>Boa noite, meus camaradas, amigos cultos e ocultos! Vamos seguindo com nosso toque musical, di\u00e1rio (e com alguns atrasos, evidentemente). Desta vez trazendo um disco do compositor e citarista, Heitor Avena de Castro, talvez o \u00fanico instrumentista a usar a &hellip; <a href=\"https:\/\/www.toque-musicall.com\/?p=8839\">Continue lendo <span class=\"meta-nav\">&rarr;<\/span><\/a><\/p>\n","protected":false},"author":1,"featured_media":0,"comment_status":"closed","ping_status":"closed","sticky":false,"template":"","format":"standard","meta":{"footnotes":""},"categories":[2283,40],"tags":[3463,3327],"class_list":["post-8839","post","type-post","status-publish","format-standard","hentry","category-avena-de-castro","category-selo-continental","tag-avena-de-castro","tag-selo-continental"],"_links":{"self":[{"href":"https:\/\/www.toque-musicall.com\/index.php?rest_route=\/wp\/v2\/posts\/8839","targetHints":{"allow":["GET"]}}],"collection":[{"href":"https:\/\/www.toque-musicall.com\/index.php?rest_route=\/wp\/v2\/posts"}],"about":[{"href":"https:\/\/www.toque-musicall.com\/index.php?rest_route=\/wp\/v2\/types\/post"}],"author":[{"embeddable":true,"href":"https:\/\/www.toque-musicall.com\/index.php?rest_route=\/wp\/v2\/users\/1"}],"replies":[{"embeddable":true,"href":"https:\/\/www.toque-musicall.com\/index.php?rest_route=%2Fwp%2Fv2%2Fcomments&post=8839"}],"version-history":[{"count":1,"href":"https:\/\/www.toque-musicall.com\/index.php?rest_route=\/wp\/v2\/posts\/8839\/revisions"}],"predecessor-version":[{"id":8840,"href":"https:\/\/www.toque-musicall.com\/index.php?rest_route=\/wp\/v2\/posts\/8839\/revisions\/8840"}],"wp:attachment":[{"href":"https:\/\/www.toque-musicall.com\/index.php?rest_route=%2Fwp%2Fv2%2Fmedia&parent=8839"}],"wp:term":[{"taxonomy":"category","embeddable":true,"href":"https:\/\/www.toque-musicall.com\/index.php?rest_route=%2Fwp%2Fv2%2Fcategories&post=8839"},{"taxonomy":"post_tag","embeddable":true,"href":"https:\/\/www.toque-musicall.com\/index.php?rest_route=%2Fwp%2Fv2%2Ftags&post=8839"}],"curies":[{"name":"wp","href":"https:\/\/api.w.org\/{rel}","templated":true}]}}