{"id":884,"date":"2010-04-06T09:22:00","date_gmt":"2010-04-06T09:22:00","guid":{"rendered":"http:\/\/www.toque-musicall.com\/?p=884"},"modified":"2010-04-06T09:22:00","modified_gmt":"2010-04-06T09:22:00","slug":"felipe-wagner-e-sergio-cardoso-castro-alves-e-alvares-de-azevedo-1989","status":"publish","type":"post","link":"https:\/\/www.toque-musicall.com\/?p=884","title":{"rendered":"Felipe Wagner E S\u00e9rgio Cardoso &#8211; Castro Alves E Alvares De Azevedo (1989)"},"content":{"rendered":"<p><a href=\"http:\/\/3.bp.blogspot.com\/_DSKVEvHtskc\/S7sK_J_Vu_I\/AAAAAAAAGZU\/vpCIkHwSS4g\/s1600\/castro+e+azevedo+P.JPG\"><img decoding=\"async\" style=\"TEXT-ALIGN: center; MARGIN: 0px auto 10px; WIDTH: 400px; DISPLAY: block; HEIGHT: 400px; CURSOR: hand\" id=\"BLOGGER_PHOTO_ID_5456967453619108850\" border=\"0\" alt=\"\" src=\"http:\/\/3.bp.blogspot.com\/_DSKVEvHtskc\/S7sK_J_Vu_I\/AAAAAAAAGZU\/vpCIkHwSS4g\/s400\/castro+e+azevedo+P.JPG\" \/><\/a>Diante ao sucesso que as postagens de disco de poesias fazem por aqui, penso que podemos dar sequ\u00eancia durante a semana numa dobradinha. Vamos alternando entre discos de m\u00fasica e de poesia, ok?<\/p>\n<div>Hoje teremos outros grandes nomes da poesia brasileira, Alvares de Azevedo e Castro Alves, interpretados pelos atores Felipe Wagner e S\u00e9rgio Cardoso. Este lp \u00e9 um relan\u00e7amento e faz parte de uma s\u00e9rie lan\u00e7ada pela RGE, dedicada \u00e0 poesia, no in\u00edcio dos anos 60. Os dois poetas trazem em comum o fato terem vivido o per\u00edodo do Romantismo, um movimento cultural que se iniciou na Europa no final do s\u00e9culo dezoito e se estendeu por mais de cinquenta anos. Alvares de Azevedo \u00e9 tido como um poeta da segunda fase do romantismo, que se caracteriza por abordar temas obscuros como a morte e o sofrimento do individuo, a chamada fase do &#8216;mal do s\u00e9culo&#8217;. Alvares de Azevedo era um poeta que exaltava a morte. Seria hoje uma esp\u00e9cie de &#8216;dark&#8217;. J\u00e1 Castro Alves \u00e9 o rom\u00e2ntico da terceira fase, que compreende o poeta com uma vis\u00e3o mais ampla das coisas do mundo, mais voltado para as quest\u00f5es sociais, para o amor e o erotismo. Castro Alves \u00e9 denominado o &#8220;poeta dos escravos&#8221;, sendo um dos mais expressivos representantes dessa gera\u00e7\u00e3o.<\/div>\n<div>No disco, de um lado, Felipe Wagner interpreta as poesias de Castro Alves. Do outro, vem S\u00e9rgio Cardoso com Alvares de Azevedo. Na contracapa encontramos um texto de Lygia Fagundes Telles, que com certeza \u00e9 bem mais interessante e motivador que esta simples resenha. Confiram ent\u00e3o o toque&#8230;<\/div>\n<div> <\/div>\n<div align=\"center\">Castro Alves<\/div>\n<div align=\"center\">o livro e a am\u00e9rica<\/div>\n<div align=\"center\">o la\u00e7o de fita<\/div>\n<div align=\"center\">a hasverus e o g\u00eanio<\/div>\n<div align=\"center\">mocidade e morte<\/div>\n<div align=\"center\">o gondoleiro do amor<\/div>\n<div align=\"center\">versos de uma viajante<\/div>\n<div align=\"center\">\u00faltimo fantasma<\/div>\n<div align=\"center\">queimada<\/div>\n<div align=\"center\">vozes d&#8217;africa<\/div>\n<div align=\"center\"> <\/div>\n<div align=\"center\">Alvares de Azevedo<\/div>\n<div align=\"center\">introdu\u00e7\u00e3o<\/div>\n<div align=\"center\">soneto<\/div>\n<div align=\"center\">lembran\u00e7a de morrer<\/div>\n<div align=\"center\">meu sonho<\/div>\n<div align=\"center\">soneto<\/div>\n<div align=\"center\">desanimo<\/div>\n<div align=\"center\">o len\u00e7o dela<\/div>\n<div align=\"center\">por mim<\/div>\n<div align=\"center\">morena<\/div>\n<div align=\"center\">oh, n\u00e3o maldigam<\/div>\n<div align=\"center\">soneto<\/div>\n<div align=\"center\">a minha esteira<\/div>\n<div align=\"center\">se eu morresse amanh\u00e3<\/div>\n<div align=\"center\"> <\/div>\n<div align=\"center\"> <\/div>\n","protected":false},"excerpt":{"rendered":"<p>Diante ao sucesso que as postagens de disco de poesias fazem por aqui, penso que podemos dar sequ\u00eancia durante a semana numa dobradinha. Vamos alternando entre discos de m\u00fasica e de poesia, ok? Hoje teremos outros grandes nomes da poesia &hellip; <a href=\"https:\/\/www.toque-musicall.com\/?p=884\">Continue lendo <span class=\"meta-nav\">&rarr;<\/span><\/a><\/p>\n","protected":false},"author":1,"featured_media":0,"comment_status":"open","ping_status":"closed","sticky":false,"template":"","format":"standard","meta":{"footnotes":""},"categories":[1191,1192,318],"tags":[],"class_list":["post-884","post","type-post","status-publish","format-standard","hentry","category-alvares-de-azevedo","category-castro-alves","category-poesia"],"_links":{"self":[{"href":"https:\/\/www.toque-musicall.com\/index.php?rest_route=\/wp\/v2\/posts\/884","targetHints":{"allow":["GET"]}}],"collection":[{"href":"https:\/\/www.toque-musicall.com\/index.php?rest_route=\/wp\/v2\/posts"}],"about":[{"href":"https:\/\/www.toque-musicall.com\/index.php?rest_route=\/wp\/v2\/types\/post"}],"author":[{"embeddable":true,"href":"https:\/\/www.toque-musicall.com\/index.php?rest_route=\/wp\/v2\/users\/1"}],"replies":[{"embeddable":true,"href":"https:\/\/www.toque-musicall.com\/index.php?rest_route=%2Fwp%2Fv2%2Fcomments&post=884"}],"version-history":[{"count":0,"href":"https:\/\/www.toque-musicall.com\/index.php?rest_route=\/wp\/v2\/posts\/884\/revisions"}],"wp:attachment":[{"href":"https:\/\/www.toque-musicall.com\/index.php?rest_route=%2Fwp%2Fv2%2Fmedia&parent=884"}],"wp:term":[{"taxonomy":"category","embeddable":true,"href":"https:\/\/www.toque-musicall.com\/index.php?rest_route=%2Fwp%2Fv2%2Fcategories&post=884"},{"taxonomy":"post_tag","embeddable":true,"href":"https:\/\/www.toque-musicall.com\/index.php?rest_route=%2Fwp%2Fv2%2Ftags&post=884"}],"curies":[{"name":"wp","href":"https:\/\/api.w.org\/{rel}","templated":true}]}}