{"id":8847,"date":"2021-10-06T20:58:00","date_gmt":"2021-10-06T23:58:00","guid":{"rendered":"https:\/\/www.toque-musicall.com\/?p=8847"},"modified":"2021-10-07T21:03:06","modified_gmt":"2021-10-08T00:03:06","slug":"joel-nascimento-radames-gnattali-camerata-carioca-tributo-a-jacob-do-bandolim-1980","status":"publish","type":"post","link":"https:\/\/www.toque-musicall.com\/?p=8847","title":{"rendered":"Joel Nascimento, Radam\u00e9s Gnattali &#038; Camerata Carioca &#8211; Tributo A Jacob Do Bandolim (1980)"},"content":{"rendered":"\n<figure class=\"wp-block-image size-large\"><img decoding=\"async\" src=\"https:\/\/1.bp.blogspot.com\/-JEQM9pp0uQk\/YV7T9KeC6RI\/AAAAAAAAUfM\/9s_1UkKYNSI2K8Xq7tiyTXeqJsaqN0lUQCLcBGAsYHQ\/w640-h624\/Capturar.JPG\" alt=\"\"\/><\/figure>\n\n\n\n<figure class=\"wp-block-image size-large\"><img decoding=\"async\" src=\"https:\/\/1.bp.blogspot.com\/-eUpzbDq638E\/YV7T9GMrZQI\/AAAAAAAAUfQ\/j9_hspNOSeA8GaRjSmurOXB6DY4ne798ACLcBGAsYHQ\/w636-h640\/Capturar%2Bb.JPG\" alt=\"\"\/><\/figure>\n\n\n<div class=\"separator\">Ol\u00e1, meus caros amigos cultos e ocultos! Temos hoje aqui um disco de m\u00fasicos para m\u00fasicos. Digo isso porque geralmente quem gosta de chorinho tamb\u00e9m gosta de tocar e oque mais aparece por aqui quando o assunto \u00e9 choro, \u00e9 m\u00fasico pedindo discos. E aqui est\u00e1 um \u00e1lbum que h\u00e1 muito vem me sendo solicitado: Joel Nascimento, mestre do bandolim juntamente com outros mestres, Radam\u00e9s Gnattali e o conjunto Camerata Carioca. S\u00f3 pelos nomes citados j\u00e1 d\u00e1 para se ter uma ideia do que temos por aqui. Mais ainda, quando o conte\u00fado \u00e9 um tributo ao grande Jacob do Bandolim. N\u00e3o vou dizer mais nada e nem me estender, pois o tempo \u00e9 curto e para nossa sorte as informa\u00e7\u00f5es detalhadas est\u00e3o no pr\u00f3prio disco. Assim, deixo apenas a recomenda\u00e7\u00e3o, confiram no GTM. E deixa eu correr para o trabalho, pois j\u00e1 estou atrasado \ud83d\ude42<\/div>\n<div class=\"separator\">\u00a0<\/div>\n<div class=\"separator\">retratos (su\u00edte em 4 movimentos:<\/div>\n<div class=\"separator\">pixinguinha<\/div>\n<div class=\"separator\">ernesto nazareth<\/div>\n<div class=\"separator\">anacleto de medeiros<\/div>\n<div class=\"separator\">chiquinha gonzaga<\/div>\n<div class=\"separator\">gostosinho<\/div>\n<div class=\"separator\">conversa mole \/ jacobeana<\/div>\n<div class=\"separator\">doce de c\u00f4co<\/div>\n<div class=\"separator\">v\u00f4o da mosca<\/div>\n<div class=\"separator\">noites cariocas<\/div>\n<div class=\"separator\">vibra\u00e7\u00f5es<\/div>\n<div class=\"separator\">\u00a0<\/div>\n<div class=\"separator\">\u00a0<\/div>\n<div class=\"separator\">.<\/div>\n<div class=\"separator\">\u00a0<\/div>","protected":false},"excerpt":{"rendered":"<p>Ol\u00e1, meus caros amigos cultos e ocultos! Temos hoje aqui um disco de m\u00fasicos para m\u00fasicos. Digo isso porque geralmente quem gosta de chorinho tamb\u00e9m gosta de tocar e oque mais aparece por aqui quando o assunto \u00e9 choro, \u00e9 &hellip; <a href=\"https:\/\/www.toque-musicall.com\/?p=8847\">Continue lendo <span class=\"meta-nav\">&rarr;<\/span><\/a><\/p>\n","protected":false},"author":1,"featured_media":0,"comment_status":"closed","ping_status":"closed","sticky":false,"template":"","format":"standard","meta":{"footnotes":""},"categories":[840,4804,791,396,578],"tags":[4807,4806,4805,4764,3065],"class_list":["post-8847","post","type-post","status-publish","format-standard","hentry","category-camerata-carioca","category-jacob-do-bandolin","category-joel-nascimento","category-radames-gnattali","category-selo-atlantic","tag-camerata-carioca","tag-jacob-do-bandolim","tag-joel-nascimento","tag-radames-gnattali","tag-selo-atlantic"],"_links":{"self":[{"href":"https:\/\/www.toque-musicall.com\/index.php?rest_route=\/wp\/v2\/posts\/8847","targetHints":{"allow":["GET"]}}],"collection":[{"href":"https:\/\/www.toque-musicall.com\/index.php?rest_route=\/wp\/v2\/posts"}],"about":[{"href":"https:\/\/www.toque-musicall.com\/index.php?rest_route=\/wp\/v2\/types\/post"}],"author":[{"embeddable":true,"href":"https:\/\/www.toque-musicall.com\/index.php?rest_route=\/wp\/v2\/users\/1"}],"replies":[{"embeddable":true,"href":"https:\/\/www.toque-musicall.com\/index.php?rest_route=%2Fwp%2Fv2%2Fcomments&post=8847"}],"version-history":[{"count":1,"href":"https:\/\/www.toque-musicall.com\/index.php?rest_route=\/wp\/v2\/posts\/8847\/revisions"}],"predecessor-version":[{"id":8848,"href":"https:\/\/www.toque-musicall.com\/index.php?rest_route=\/wp\/v2\/posts\/8847\/revisions\/8848"}],"wp:attachment":[{"href":"https:\/\/www.toque-musicall.com\/index.php?rest_route=%2Fwp%2Fv2%2Fmedia&parent=8847"}],"wp:term":[{"taxonomy":"category","embeddable":true,"href":"https:\/\/www.toque-musicall.com\/index.php?rest_route=%2Fwp%2Fv2%2Fcategories&post=8847"},{"taxonomy":"post_tag","embeddable":true,"href":"https:\/\/www.toque-musicall.com\/index.php?rest_route=%2Fwp%2Fv2%2Ftags&post=8847"}],"curies":[{"name":"wp","href":"https:\/\/api.w.org\/{rel}","templated":true}]}}