{"id":885,"date":"2010-04-05T10:40:00","date_gmt":"2010-04-05T10:40:00","guid":{"rendered":"http:\/\/www.toque-musicall.com\/?p=885"},"modified":"2010-04-05T10:40:00","modified_gmt":"2010-04-05T10:40:00","slug":"pericles-cavalcanti-cancoes-1991","status":"publish","type":"post","link":"https:\/\/www.toque-musicall.com\/?p=885","title":{"rendered":"Pericles Cavalcanti &#8211; Can\u00e7\u00f5es (1991)"},"content":{"rendered":"<p><a href=\"http:\/\/1.bp.blogspot.com\/_DSKVEvHtskc\/S7m-ZbSwNqI\/AAAAAAAAGZI\/WDYy2jMEQN8\/s1600\/p%C3%A9ricles+P.JPG\"><img decoding=\"async\" style=\"TEXT-ALIGN: center; MARGIN: 0px auto 10px; WIDTH: 400px; DISPLAY: block; HEIGHT: 399px; CURSOR: hand\" id=\"BLOGGER_PHOTO_ID_5456601767568488098\" border=\"0\" alt=\"\" src=\"http:\/\/1.bp.blogspot.com\/_DSKVEvHtskc\/S7m-ZbSwNqI\/AAAAAAAAGZI\/WDYy2jMEQN8\/s400\/p%C3%A9ricles+P.JPG\" \/><\/a> Bom dia, amigos cultos e ocultos! H\u00e1 muito tempo em venho querendo postar este disco aqui no Toque Musical. Na verdade, o que eu gostaria mesmo era de ter a honra de possuir em nossa lista alguma coisa do P\u00e9ricles Cavalcanti. Ta\u00ed um artista de quem eu sou f\u00e3 de carteirinha desde a primeira vez que o ouvi. P\u00e9ricles \u00e9 um compositor genial. Suas m\u00fasicas tem um encanto incomum, tanto na melodia quanto na letra. O cara \u00e9 muito bom, podem acreditar! Estou falando assim como se P\u00e9ricles fosse um desconhecido, o que n\u00e3o \u00e9 verdade, por\u00e9m e ainda hoje ele permanece um pouco oculto (e culto). Suas m\u00fasicas s\u00e3o mais conhecidas nas vozes e interpreta\u00e7\u00f5es de outros artistas como Gal Costa, Caetano Veloso ou Adriana Calcanhoto. P\u00e9ricles \u00e9 um m\u00fasico de forma\u00e7\u00e3o e influ\u00eancias  multiplas como cabe a todo bom artista de sua gera\u00e7\u00e3o. A filosofia, o tropicalismo, a poesia, o cinema e a conviv\u00eancia desde de muito cedo com figuras como Caetano, Gil, Mautner, J\u00falio Bressane, Susana Moares, Augusto de Campos e tantos outros, contribuiram para fazer dele um artista dos mais bacanas.<br \/>Embora j\u00e1 tivesse gravado um compacto, participado do disco &#8220;Copacabana mon amour&#8221; de Gil e tamb\u00e9m compondo e tocando a trilha para o musical da trupe &#8220;Asdr\u00fabal trouxe o trombone&#8221;, s\u00f3 veio a gravar seu primeiro \u00e1lbum solo em 1991. &#8220;Can\u00e7\u00f5es&#8221; foi seu disco de estr\u00e9ia. Um \u00e1lbum totalmente autoral, onde ele retoma um pouco de tudo que j\u00e1 havia feito, expandindo seu talento para al\u00e9m da composi\u00e7\u00e3o. Ele toca, canta e faz os arranjos. Em 1992 este \u00e1lbum foi lan\u00e7ado na Alemanha e no Canad\u00e1. Isso rendeu a ele apresenta\u00e7\u00f5es nos festivais de &#8216;Jazz de Hamburgo&#8217; e no &#8216;World Music&#8217; de Col\u00f4nia. Com este disco ele recebeu o pr\u00eamio de melhor compositor de 1991 pela Associa\u00e7\u00e3o Paulista de Cr\u00edticos de Arte. Para quem n\u00e3o o conhece, &#8220;Can\u00e7\u00f5es&#8221; \u00e9 sem d\u00favida seu melhor &#8216;cart\u00e3o de visitas&#8217;. Ali\u00e1s, todo o seu trabalho \u00e9 maravilhoso. Confiram aqui essa amostra&#8230;<\/p>\n<div align=\"center\">dos prazeres das paix\u00f5es<\/div>\n<div align=\"center\">elegia<\/div>\n<div align=\"center\">blues da passagem<\/div>\n<div align=\"center\">tudo sobre eva<\/div>\n<div align=\"center\">sonho prote\u00edna<\/div>\n<div align=\"center\">nuvoleta<\/div>\n<div align=\"center\">sem drama<\/div>\n<div align=\"center\">meu bolero<\/div>\n<div align=\"center\">ode primitiva<\/div>\n<div align=\"center\">quem nasceu?<\/div>\n<div align=\"center\">canto maneiro<\/div>\n<div align=\"center\">farol da jamaica<\/div>\n<div align=\"center\">m\u00fasica, por que?<\/div>\n<div align=\"center\">eassimser\u00e1<\/div>\n<div align=\"center\"> <\/div>\n<div align=\"center\"> <\/div>\n","protected":false},"excerpt":{"rendered":"<p>Bom dia, amigos cultos e ocultos! H\u00e1 muito tempo em venho querendo postar este disco aqui no Toque Musical. Na verdade, o que eu gostaria mesmo era de ter a honra de possuir em nossa lista alguma coisa do P\u00e9ricles &hellip; <a href=\"https:\/\/www.toque-musicall.com\/?p=885\">Continue lendo <span class=\"meta-nav\">&rarr;<\/span><\/a><\/p>\n","protected":false},"author":1,"featured_media":0,"comment_status":"open","ping_status":"closed","sticky":false,"template":"","format":"standard","meta":{"footnotes":""},"categories":[1193],"tags":[],"class_list":["post-885","post","type-post","status-publish","format-standard","hentry","category-pericles-cavalcanti"],"_links":{"self":[{"href":"https:\/\/www.toque-musicall.com\/index.php?rest_route=\/wp\/v2\/posts\/885","targetHints":{"allow":["GET"]}}],"collection":[{"href":"https:\/\/www.toque-musicall.com\/index.php?rest_route=\/wp\/v2\/posts"}],"about":[{"href":"https:\/\/www.toque-musicall.com\/index.php?rest_route=\/wp\/v2\/types\/post"}],"author":[{"embeddable":true,"href":"https:\/\/www.toque-musicall.com\/index.php?rest_route=\/wp\/v2\/users\/1"}],"replies":[{"embeddable":true,"href":"https:\/\/www.toque-musicall.com\/index.php?rest_route=%2Fwp%2Fv2%2Fcomments&post=885"}],"version-history":[{"count":0,"href":"https:\/\/www.toque-musicall.com\/index.php?rest_route=\/wp\/v2\/posts\/885\/revisions"}],"wp:attachment":[{"href":"https:\/\/www.toque-musicall.com\/index.php?rest_route=%2Fwp%2Fv2%2Fmedia&parent=885"}],"wp:term":[{"taxonomy":"category","embeddable":true,"href":"https:\/\/www.toque-musicall.com\/index.php?rest_route=%2Fwp%2Fv2%2Fcategories&post=885"},{"taxonomy":"post_tag","embeddable":true,"href":"https:\/\/www.toque-musicall.com\/index.php?rest_route=%2Fwp%2Fv2%2Ftags&post=885"}],"curies":[{"name":"wp","href":"https:\/\/api.w.org\/{rel}","templated":true}]}}