{"id":8860,"date":"2021-10-13T15:51:00","date_gmt":"2021-10-13T18:51:00","guid":{"rendered":"https:\/\/www.toque-musicall.com\/?p=8860"},"modified":"2021-10-12T21:55:19","modified_gmt":"2021-10-13T00:55:19","slug":"aracy-de-almeida-cancoes-de-noel-rosa-1955-2","status":"publish","type":"post","link":"https:\/\/www.toque-musicall.com\/?p=8860","title":{"rendered":"Aracy de Almeida &#8211; Can\u00e7\u00f5es De Noel Rosa (1955)"},"content":{"rendered":"\n<figure class=\"wp-block-image size-large\"><img decoding=\"async\" src=\"https:\/\/blogger.googleusercontent.com\/img\/a\/AVvXsEjUvPQwKPU8XLFvcmuiRiQ-hiFShy-k_L5ozc_bg0RGvrga9aR6BKAplsBTFFTy21BqhUWQlXtXFRKz8EX4Shhkb92w9cbnBlyC79DMo5jDZitQ--flv57ydumZSA2RRq3XwBzphNRXjmekAno3YM1RdAzRiVROjUKbR_Qcrk5okub0-nZBoQd_nRAPew=w640-h634\" alt=\"\"\/><\/figure>\n\n\n\n<figure class=\"wp-block-image size-large\"><img decoding=\"async\" src=\"https:\/\/blogger.googleusercontent.com\/img\/a\/AVvXsEjm16kcdXOG8AV65WcObsEfUou7llmJeAWm3asd0VlTJE7iQd2uZNR7RbvmAf0BkIUxKxJBmzhDF6LWsHb7h7BoCNfcM98SuJHFEOFHRc-c3skuRmA_oY5JlmI-_H7eZ-eMTSkWTfjVuz9TvWSAmaOB0hZ3nQlKQ1b9uyEsSg5OVgT1snKTdVslnddG6A=w640-h636\" alt=\"\"\/><\/figure>\n\n\n<div class=\"separator\">Amigos cultos e ocultos, boa tarde! Aqui e mais uma vez temos o inesquec\u00edvel Noel Rosa na interpreta\u00e7\u00e3o de Aracy de Almeida. Depois de passada uma d\u00e9cada ap\u00f3s sua morte, o nome de Noel Rosa voltava ao cen\u00e1rio fonomusical dos anos 50. Muitos artistas o gravaram desde ent\u00e3o nesse renascimento do samba. Assim como tamb\u00e9m, antigas grava\u00e7\u00f5es, lan\u00e7adas, inicialmente em 78 rpm, voltaram nos tamb\u00e9m 10 polegadas de 33 rpm. \u00c9 o caso deste disco, lan\u00e7ado pela Continental, em 1955. Nele vamos encontrar&#8230;<\/div>\n<div class=\"separator\">\u00a0<\/div>\n<div class=\"separator\">meu barrac\u00e3o<\/div>\n<div class=\"separator\">voltasse<\/div>\n<div class=\"separator\">s\u00e3o coisas nossas<\/div>\n<div class=\"separator\">fita amarela<\/div>\n<div class=\"separator\">cor de cinza<\/div>\n<div class=\"separator\">eu sei sofrer<\/div>\n<div class=\"separator\">a melhor do planeta<\/div>\n<div class=\"separator\">cansei de pedir<\/div>\n<div class=\"separator\">\u00a0<\/div>\n<div class=\"separator\">.<\/div>\n<div class=\"separator\">\u00a0<\/div>","protected":false},"excerpt":{"rendered":"<p>Amigos cultos e ocultos, boa tarde! Aqui e mais uma vez temos o inesquec\u00edvel Noel Rosa na interpreta\u00e7\u00e3o de Aracy de Almeida. Depois de passada uma d\u00e9cada ap\u00f3s sua morte, o nome de Noel Rosa voltava ao cen\u00e1rio fonomusical dos &hellip; <a href=\"https:\/\/www.toque-musicall.com\/?p=8860\">Continue lendo <span class=\"meta-nav\">&rarr;<\/span><\/a><\/p>\n","protected":false},"author":1,"featured_media":0,"comment_status":"closed","ping_status":"closed","sticky":false,"template":"","format":"standard","meta":{"footnotes":""},"categories":[118,678,70],"tags":[4475,4692,3061],"class_list":["post-8860","post","type-post","status-publish","format-standard","hentry","category-nelson-goncalves","category-noel-rosa","category-selo-rca-victor","tag-nelson-goncalves","tag-noel-rosa","tag-selo-rca-victor"],"_links":{"self":[{"href":"https:\/\/www.toque-musicall.com\/index.php?rest_route=\/wp\/v2\/posts\/8860","targetHints":{"allow":["GET"]}}],"collection":[{"href":"https:\/\/www.toque-musicall.com\/index.php?rest_route=\/wp\/v2\/posts"}],"about":[{"href":"https:\/\/www.toque-musicall.com\/index.php?rest_route=\/wp\/v2\/types\/post"}],"author":[{"embeddable":true,"href":"https:\/\/www.toque-musicall.com\/index.php?rest_route=\/wp\/v2\/users\/1"}],"replies":[{"embeddable":true,"href":"https:\/\/www.toque-musicall.com\/index.php?rest_route=%2Fwp%2Fv2%2Fcomments&post=8860"}],"version-history":[{"count":1,"href":"https:\/\/www.toque-musicall.com\/index.php?rest_route=\/wp\/v2\/posts\/8860\/revisions"}],"predecessor-version":[{"id":8861,"href":"https:\/\/www.toque-musicall.com\/index.php?rest_route=\/wp\/v2\/posts\/8860\/revisions\/8861"}],"wp:attachment":[{"href":"https:\/\/www.toque-musicall.com\/index.php?rest_route=%2Fwp%2Fv2%2Fmedia&parent=8860"}],"wp:term":[{"taxonomy":"category","embeddable":true,"href":"https:\/\/www.toque-musicall.com\/index.php?rest_route=%2Fwp%2Fv2%2Fcategories&post=8860"},{"taxonomy":"post_tag","embeddable":true,"href":"https:\/\/www.toque-musicall.com\/index.php?rest_route=%2Fwp%2Fv2%2Ftags&post=8860"}],"curies":[{"name":"wp","href":"https:\/\/api.w.org\/{rel}","templated":true}]}}