{"id":8868,"date":"2021-10-16T08:40:00","date_gmt":"2021-10-16T11:40:00","guid":{"rendered":"https:\/\/www.toque-musicall.com\/?p=8868"},"modified":"2021-10-17T08:42:18","modified_gmt":"2021-10-17T11:42:18","slug":"3-do-rio-1975","status":"publish","type":"post","link":"https:\/\/www.toque-musicall.com\/?p=8868","title":{"rendered":"3 Do Rio (1975)"},"content":{"rendered":"\n<figure class=\"wp-block-image size-large\"><img decoding=\"async\" src=\"https:\/\/blogger.googleusercontent.com\/img\/a\/AVvXsEjlEJyd4TNWRLaest1TkT1Ie3ZIPfkoaebgAlVql6bWv0UBGOTNj-2qHy0yyPkMkjup1usqyylCD6lq8QXWaXZYzG86W1xdwNKRO5sw7tWja9QQ1AkHPtnrSOKRIUDveYbOzulHbSelxQHPHhVhDM-LluMhUp_6z2qZsxtFkUOFxJ4tpH7FWaCHRuW9xA=w636-h640\" alt=\"\"\/><\/figure>\n\n\n\n<figure class=\"wp-block-image size-large\"><img decoding=\"async\" src=\"https:\/\/blogger.googleusercontent.com\/img\/a\/AVvXsEhAbehlvOlZbwLqq7KI-BulrNZ2yxKR10BceeEaokUud17DxVsW3HsjoErlUCLSSoVcxS6BdK-XjAJXRvpBgt9XU8AvHDVvGShHdpfBHRanchhJev-NlbOZh7GwsK2SpsMfZYeZzK94gPOzsxJeP0TP8HC3C93uj5fCDb4LR6OoY_AMV8IAQDFIBqC1xA=w640-h626\" alt=\"\"\/><\/figure>\n\n\n<div class=\"separator\">Boa hora a todos, amigos cultos e ocultos! Aqui temos para hoje um grupo que fez muito sucesso nos anos 70, os geniais &#8220;3 do Rio&#8221;, conjunto formado por tr\u00eas artistas multinstumentistas: Cl\u00f3vis, Miguel e Sestini. O trio ganhou fama como um dos melhores grupo de baile daqueles tempos. Atuou por muitos anos nos mais diversos shows e bailes pelo Brasil. Tamb\u00e9m excursionaram pela Am\u00e9rica Latina, \u00c1sia e Europa. Inclusive, antes de se tornarem &#8220;3 do Rio&#8221;, se chamavam &#8220;Samba Blue&#8221; e trabalhavam na Europa. Passaram a se chamar 3 do Rio ainda por l\u00e1, quando estavam na Su\u00ed\u00e7a. Tinha um vasto repert\u00f3rio, tanto nacional quanto internacional. Eram realmente muito talentosos n\u00e3o apenas como instrumentistas mas tamb\u00e9m como grupo vocal. Em seus espet\u00e1culos tamb\u00e9m havia espa\u00e7o para o humor e uma intera\u00e7\u00e3o incr\u00edvel com o p\u00fablico. Foram no Brasil um dos precursores do chamado &#8216;playback&#8217;, ou seja, tocavam junto com grava\u00e7\u00f5es que eles mesmos faziam, dando ao trio uma sonoriza\u00e7\u00e3o de orquestra. Se apresentaram tamb\u00e9m em r\u00e1dio e televis\u00e3o. No Youtube podemos encontrar alguns v\u00eddeos deles e pelos coment\u00e1rios se v\u00ea que eram mesmo muito apreciados.<\/div>\n<div class=\"separator\">Acredito que o &#8220;3 do Rio&#8221; tenha gravado mais discos, por\u00e9m, s\u00f3 encontramos o &#8220;A Flight to Rio&#8221;, que certamente foi gravado l\u00e1 fora, o lp de 1968, o qual j\u00e1 postamos aqui e este lp hom\u00f4nimo, lan\u00e7ado pela RCA Victor em 1975 e ao que parece, por aqui, foi o segundo. Na contracapa temos um texto de apresenta\u00e7\u00e3o feito pelo grande instrumentista Sab\u00e1, que tamb\u00e9m participa do disco. E como podemos ver, um repert\u00f3rio inteiramente nacional, com muito samba, bossa, forr\u00f3 e tamb\u00e9m m\u00fasica autoral. Ta\u00ed, um disco raro de se ver e ouvir por a\u00ed&#8230;<\/div>\n<div class=\"separator\">\u00a0<\/div>\n<div class=\"separator\">me deu um treco<\/div>\n<div class=\"separator\">sem p&#8230; sem p&#8230; sem p&#8230;<\/div>\n<div class=\"separator\">n\u00e3o deixe a tristeza pegar no seu p\u00e9<\/div>\n<div class=\"separator\">perdi minha viola<\/div>\n<div class=\"separator\">barata que \u00e9 viva n\u00e3o atravessa galinheiro<\/div>\n<div class=\"separator\">17 e 700<\/div>\n<div class=\"separator\">rio de janeiro<\/div>\n<div class=\"separator\">primavera no rio<\/div>\n<div class=\"separator\">valsa de uma cidade<\/div>\n<div class=\"separator\">copacabana<\/div>\n<div class=\"separator\">garota de ipanema<\/div>\n<div class=\"separator\">cidade de s\u00e3o sebasti\u00e3o<\/div>\n<div class=\"separator\">a voz do morro<\/div>\n<div class=\"separator\">cidade maravilhosa<\/div>\n<div class=\"separator\">samba do avi\u00e3o<\/div>\n<div class=\"separator\">rosa do carnaval<\/div>\n<div class=\"separator\">ragu de piranha<\/div>\n<div class=\"separator\">apaga tua vela<\/div>\n<div class=\"separator\">derramaro o gai<\/div>\n<div class=\"separator\">\u00a0<\/div>\n<p><br \/>\u00a0<\/p>","protected":false},"excerpt":{"rendered":"<p>Boa hora a todos, amigos cultos e ocultos! Aqui temos para hoje um grupo que fez muito sucesso nos anos 70, os geniais &#8220;3 do Rio&#8221;, conjunto formado por tr\u00eas artistas multinstumentistas: Cl\u00f3vis, Miguel e Sestini. O trio ganhou fama &hellip; <a href=\"https:\/\/www.toque-musicall.com\/?p=8868\">Continue lendo <span class=\"meta-nav\">&rarr;<\/span><\/a><\/p>\n","protected":false},"author":1,"featured_media":0,"comment_status":"closed","ping_status":"closed","sticky":false,"template":"","format":"standard","meta":{"footnotes":""},"categories":[3962,70],"tags":[3963,3061],"class_list":["post-8868","post","type-post","status-publish","format-standard","hentry","category-3-do-rio","category-selo-rca-victor","tag-3-do-rio","tag-selo-rca-victor"],"_links":{"self":[{"href":"https:\/\/www.toque-musicall.com\/index.php?rest_route=\/wp\/v2\/posts\/8868","targetHints":{"allow":["GET"]}}],"collection":[{"href":"https:\/\/www.toque-musicall.com\/index.php?rest_route=\/wp\/v2\/posts"}],"about":[{"href":"https:\/\/www.toque-musicall.com\/index.php?rest_route=\/wp\/v2\/types\/post"}],"author":[{"embeddable":true,"href":"https:\/\/www.toque-musicall.com\/index.php?rest_route=\/wp\/v2\/users\/1"}],"replies":[{"embeddable":true,"href":"https:\/\/www.toque-musicall.com\/index.php?rest_route=%2Fwp%2Fv2%2Fcomments&post=8868"}],"version-history":[{"count":1,"href":"https:\/\/www.toque-musicall.com\/index.php?rest_route=\/wp\/v2\/posts\/8868\/revisions"}],"predecessor-version":[{"id":8869,"href":"https:\/\/www.toque-musicall.com\/index.php?rest_route=\/wp\/v2\/posts\/8868\/revisions\/8869"}],"wp:attachment":[{"href":"https:\/\/www.toque-musicall.com\/index.php?rest_route=%2Fwp%2Fv2%2Fmedia&parent=8868"}],"wp:term":[{"taxonomy":"category","embeddable":true,"href":"https:\/\/www.toque-musicall.com\/index.php?rest_route=%2Fwp%2Fv2%2Fcategories&post=8868"},{"taxonomy":"post_tag","embeddable":true,"href":"https:\/\/www.toque-musicall.com\/index.php?rest_route=%2Fwp%2Fv2%2Ftags&post=8868"}],"curies":[{"name":"wp","href":"https:\/\/api.w.org\/{rel}","templated":true}]}}