{"id":8880,"date":"2021-10-21T12:17:00","date_gmt":"2021-10-21T15:17:00","guid":{"rendered":"https:\/\/www.toque-musicall.com\/?p=8880"},"modified":"2021-10-24T12:20:06","modified_gmt":"2021-10-24T15:20:06","slug":"trio-surdina-ouvindo-o-trio-surdinha-vol-3-1956","status":"publish","type":"post","link":"https:\/\/www.toque-musicall.com\/?p=8880","title":{"rendered":"Trio Surdina &#8211; Ouvindo O Trio Surdinha Vol. 3 (1956)"},"content":{"rendered":"\n<figure class=\"wp-block-image size-large\"><img decoding=\"async\" src=\"https:\/\/blogger.googleusercontent.com\/img\/a\/AVvXsEgzIXIvKwGbhEK9zW8ILEVgH2rSRdmtFuNi2pA4Ub7Wpz6usr6Ocv0YaxJ9NqfHtCMY7EGpv7XVMz7txUuDyTo3OSGNMM1XBOlFlQq3KaoEM55hVKz5FoMuz2v8fJHBBDPHNxKU6fnKC6CUifQt9nZG5FLA5py7Kgw-82fIsUaUCPV52jAvBsuMrMeMNA=w640-h622\" alt=\"\"\/><\/figure>\n\n\n\n<figure class=\"wp-block-image size-large\"><img decoding=\"async\" src=\"https:\/\/blogger.googleusercontent.com\/img\/a\/AVvXsEijvBPmfQTMIZqJszgCsE9NiyKp1kxZ6q8x_ZhZU_3CK-OBzMugPa3rUjn9ImeRX7clAOATVdQgM1-KKpxHw_JYXHgvFrqx9l1hFDZzETbWQM2XDYEAaNUdeoq6hQoo3hUyF-WJ1I09OmdgrEXvmG9Ctlv4ftG-ndaFyDVgFKf93hs867UdNvrAoNCVJQ=w640-h634\" alt=\"\"\/><\/figure>\n\n\n<div class=\"separator\">Ol\u00e1, amigos cultos e ocultos! Olhem s\u00f3 que capa bacana&#8230; N\u00e3o vou negar, o que trouxe este disco aqui hoje foi seu apelo visual. A escolha do disco hoje foi movida apenas pela capa, hehehe&#8230; Mas podem ter certeza, o conte\u00fado n\u00e3o fica nada a desejar, afinal estamos falando do lend\u00e1rio Trio Surdina, em sua forma\u00e7\u00e3o original com Faf\u00e1 Lemos no violino, Garoto no viol\u00e3o e Chiquinho no acordeom. Este lp de dez polegadas lan\u00e7ado pela Musidisc em 56 foi o terceiro da s\u00e9rie Ouvindo Trio Surdina e foi lan\u00e7ado quando o trio j\u00e1 n\u00e3o tinha a mesma forma\u00e7\u00e3o. Nesse momento o grupo era formado por Al Quincas no violino, Nestor Campos no Viol\u00e3o e El Gaucho no acordeom. No repert\u00f3rio temos uma sele\u00e7\u00e3o de m\u00fasicas\/fonogramas com temas nacionais e internacionais que j\u00e1 haviam sido lan\u00e7ados antes, em discos de 78 rpm, inclusive a faixa &#8220;Porque brilham os teus olhos&#8221; foi lan\u00e7ada pelo autor, Fernando Cesar. Por certo, um disquinho muito bacana e que vale a pena conferir no GTM.<\/div>\n<div class=\"separator\">\u00a0<\/div>\n<div class=\"separator\">matinata<\/div>\n<div class=\"separator\">sal e pimenta<\/div>\n<div class=\"separator\">over the rainbow<\/div>\n<div class=\"separator\">molambo<\/div>\n<div class=\"separator\">ojos verdes<\/div>\n<div class=\"separator\">j&#8217;attendrai<\/div>\n<div class=\"separator\">serenata<\/div>\n<div class=\"separator\">porque brilham teus olhos<\/div>\n<div class=\"separator\">\u00a0<\/div>\n<div class=\"separator\">\u00a0<\/div>\n<div class=\"separator\">.<\/div>","protected":false},"excerpt":{"rendered":"<p>Ol\u00e1, amigos cultos e ocultos! Olhem s\u00f3 que capa bacana&#8230; N\u00e3o vou negar, o que trouxe este disco aqui hoje foi seu apelo visual. A escolha do disco hoje foi movida apenas pela capa, hehehe&#8230; Mas podem ter certeza, o &hellip; <a href=\"https:\/\/www.toque-musicall.com\/?p=8880\">Continue lendo <span class=\"meta-nav\">&rarr;<\/span><\/a><\/p>\n","protected":false},"author":1,"featured_media":0,"comment_status":"closed","ping_status":"closed","sticky":false,"template":"","format":"standard","meta":{"footnotes":""},"categories":[35,1,737],"tags":[3514,3528],"class_list":["post-8880","post","type-post","status-publish","format-standard","hentry","category-selo-musidisc","category-sem-categoria","category-trio-surdina","tag-selo-musidisc","tag-trio-surdina"],"_links":{"self":[{"href":"https:\/\/www.toque-musicall.com\/index.php?rest_route=\/wp\/v2\/posts\/8880","targetHints":{"allow":["GET"]}}],"collection":[{"href":"https:\/\/www.toque-musicall.com\/index.php?rest_route=\/wp\/v2\/posts"}],"about":[{"href":"https:\/\/www.toque-musicall.com\/index.php?rest_route=\/wp\/v2\/types\/post"}],"author":[{"embeddable":true,"href":"https:\/\/www.toque-musicall.com\/index.php?rest_route=\/wp\/v2\/users\/1"}],"replies":[{"embeddable":true,"href":"https:\/\/www.toque-musicall.com\/index.php?rest_route=%2Fwp%2Fv2%2Fcomments&post=8880"}],"version-history":[{"count":3,"href":"https:\/\/www.toque-musicall.com\/index.php?rest_route=\/wp\/v2\/posts\/8880\/revisions"}],"predecessor-version":[{"id":8883,"href":"https:\/\/www.toque-musicall.com\/index.php?rest_route=\/wp\/v2\/posts\/8880\/revisions\/8883"}],"wp:attachment":[{"href":"https:\/\/www.toque-musicall.com\/index.php?rest_route=%2Fwp%2Fv2%2Fmedia&parent=8880"}],"wp:term":[{"taxonomy":"category","embeddable":true,"href":"https:\/\/www.toque-musicall.com\/index.php?rest_route=%2Fwp%2Fv2%2Fcategories&post=8880"},{"taxonomy":"post_tag","embeddable":true,"href":"https:\/\/www.toque-musicall.com\/index.php?rest_route=%2Fwp%2Fv2%2Ftags&post=8880"}],"curies":[{"name":"wp","href":"https:\/\/api.w.org\/{rel}","templated":true}]}}