{"id":8887,"date":"2021-10-23T12:28:00","date_gmt":"2021-10-23T15:28:00","guid":{"rendered":"https:\/\/www.toque-musicall.com\/?p=8887"},"modified":"2022-01-30T23:31:19","modified_gmt":"2022-01-31T02:31:19","slug":"severino-araujo-e-sua-orquestra-tabajara-a-tabajara-no-frevo-1956","status":"publish","type":"post","link":"https:\/\/www.toque-musicall.com\/?p=8887","title":{"rendered":"Severino Ara\u00fajo E Sua Orquestra Tabajara &#8211; A Tabajara No Frevo (1956)"},"content":{"rendered":"\n<figure class=\"wp-block-image size-large\"><img decoding=\"async\" src=\"https:\/\/blogger.googleusercontent.com\/img\/a\/AVvXsEi9gwqI6NY-tT1U0wpH_z5PfWmjJV5BuLwgo1jVI5aGbruChZKNbAQFfbX5fveMRenKa2fpryUeRi8e60tzDoa49BuHhcZzjGfyb7qvmRofrCMmezJLNbcH1IoDXG35qG4e70tYc77v-ikVyDv1GoNtZnYWcVMcVDAVnZ-XfLfNdGKG8eEqzKerKAV2hA=w634-h640\" alt=\"\"\/><\/figure>\n\n\n\n<figure class=\"wp-block-image size-large\"><img decoding=\"async\" src=\"https:\/\/1.bp.blogspot.com\/-fX4fhqfjt4k\/YXVtEVej15I\/AAAAAAAAUkA\/D4IIaIvlumsi4Pxx4q4C8rW-oehAafOzwCLcBGAsYHQ\/w634-h640\/Capturarb.JPG\" alt=\"\"\/><\/figure>\n\n\n<div class=\"separator\">Boa hora, meus caros amigos cultos e ocultos! Boa hora para se ouvir frevo e ao som de uma das mais tradicionais e importantes orquestra, a querid\u00edssima Orquestra Tabajara e seu grande maestro Severino Ara\u00fajo. H\u00e1 tempos n\u00e3o postamos nada dele por aqui. Ent\u00e3o esta \u00e9 uma boa hora mesmo \ud83d\ude09<\/div>\n<div class=\"separator\">Aqui temos uma sele\u00e7\u00e3o de oito frevos, hoje em dia todos cl\u00e1ssicos, em lp de dez polegadas, lan\u00e7ado pela Continental em 1956. Vamos conferir essa joinha?<\/div>\n<div class=\"separator\">&nbsp;<\/div>\n<div class=\"separator\">z\u00e9 pereira<\/div>\n<div class=\"separator\">\u00faltimo dia<\/div>\n<div class=\"separator\">tudo dan\u00e7a<\/div>\n<div class=\"separator\">a tabajara no frevo<\/div>\n<div class=\"separator\">vassourinhas<\/div>\n<div class=\"separator\">relembrando o norte<\/div>\n<div class=\"separator\">assim \u00e9 espeto<\/div>\n<div class=\"separator\">z\u00e9 carioca no frevo<\/div>\n<div class=\"separator\">&nbsp;<\/div>\n<div class=\"separator\">&nbsp;<\/div>\n<div class=\"separator\">&nbsp;<\/div>","protected":false},"excerpt":{"rendered":"<p>Boa hora, meus caros amigos cultos e ocultos! Boa hora para se ouvir frevo e ao som de uma das mais tradicionais e importantes orquestra, a querid\u00edssima Orquestra Tabajara e seu grande maestro Severino Ara\u00fajo. H\u00e1 tempos n\u00e3o postamos nada &hellip; <a href=\"https:\/\/www.toque-musicall.com\/?p=8887\">Continue lendo <span class=\"meta-nav\">&rarr;<\/span><\/a><\/p>\n","protected":false},"author":1,"featured_media":0,"comment_status":"closed","ping_status":"closed","sticky":false,"template":"","format":"standard","meta":{"footnotes":""},"categories":[3787,93,40,1,499],"tags":[3072,3327,4820],"class_list":["post-8887","post","type-post","status-publish","format-standard","hentry","category-compacto","category-compactos","category-selo-continental","category-sem-categoria","category-severino-araujo-e-orquestra-tabajara","tag-compactos","tag-selo-continental","tag-severino-araujo-e-sua-orquestra-tabajara"],"_links":{"self":[{"href":"https:\/\/www.toque-musicall.com\/index.php?rest_route=\/wp\/v2\/posts\/8887","targetHints":{"allow":["GET"]}}],"collection":[{"href":"https:\/\/www.toque-musicall.com\/index.php?rest_route=\/wp\/v2\/posts"}],"about":[{"href":"https:\/\/www.toque-musicall.com\/index.php?rest_route=\/wp\/v2\/types\/post"}],"author":[{"embeddable":true,"href":"https:\/\/www.toque-musicall.com\/index.php?rest_route=\/wp\/v2\/users\/1"}],"replies":[{"embeddable":true,"href":"https:\/\/www.toque-musicall.com\/index.php?rest_route=%2Fwp%2Fv2%2Fcomments&post=8887"}],"version-history":[{"count":2,"href":"https:\/\/www.toque-musicall.com\/index.php?rest_route=\/wp\/v2\/posts\/8887\/revisions"}],"predecessor-version":[{"id":8889,"href":"https:\/\/www.toque-musicall.com\/index.php?rest_route=\/wp\/v2\/posts\/8887\/revisions\/8889"}],"wp:attachment":[{"href":"https:\/\/www.toque-musicall.com\/index.php?rest_route=%2Fwp%2Fv2%2Fmedia&parent=8887"}],"wp:term":[{"taxonomy":"category","embeddable":true,"href":"https:\/\/www.toque-musicall.com\/index.php?rest_route=%2Fwp%2Fv2%2Fcategories&post=8887"},{"taxonomy":"post_tag","embeddable":true,"href":"https:\/\/www.toque-musicall.com\/index.php?rest_route=%2Fwp%2Fv2%2Ftags&post=8887"}],"curies":[{"name":"wp","href":"https:\/\/api.w.org\/{rel}","templated":true}]}}