{"id":889,"date":"2010-04-02T22:08:00","date_gmt":"2010-04-02T22:08:00","guid":{"rendered":"http:\/\/www.toque-musicall.com\/?p=889"},"modified":"2010-04-02T22:08:00","modified_gmt":"2010-04-02T22:08:00","slug":"pedro-nascimento-serenatas-de-amor-no-vale-do-mucury-1958","status":"publish","type":"post","link":"https:\/\/www.toque-musicall.com\/?p=889","title":{"rendered":"Pedro Nascimento &#8211; Serenatas De Amor No Vale Do Mucury (1958)"},"content":{"rendered":"<p><a href=\"http:\/\/4.bp.blogspot.com\/_DSKVEvHtskc\/S7ZrExhgVMI\/AAAAAAAAGYU\/dpA7cQv73Ic\/s1600\/pedro+nascimento+p.JPG\"><img decoding=\"async\" style=\"TEXT-ALIGN: center; MARGIN: 0px auto 10px; WIDTH: 400px; DISPLAY: block; HEIGHT: 398px; CURSOR: hand\" id=\"BLOGGER_PHOTO_ID_5455665728363451586\" border=\"0\" alt=\"\" src=\"http:\/\/4.bp.blogspot.com\/_DSKVEvHtskc\/S7ZrExhgVMI\/AAAAAAAAGYU\/dpA7cQv73Ic\/s400\/pedro+nascimento+p.JPG\" \/><\/a> Boa noite, amigos cultos e ocultos! Hoje \u00e9 uma sexta feira um pouco diferente, principalmente para crist\u00e3os. Eu havia pensado em postar algum disco cujo o tema tivesse a ver com a Semana Santa, mas infelizmente n\u00e3o tive tempo. Na verdade, nem me lembro se tenho algo relativo \u00e0 data. Devo at\u00e9 ter, mas vai ficar para uma pr\u00f3xima ocasi\u00e3o. Como de costume, a sexta tem sido o dia do disco\/artista independente. Da\u00ed, continuamos na mesma onda&#8230;<br \/>Muito eu j\u00e1 falei a respeito dos discos produzidos fora do esquema &#8216;gravadoras&#8217;. Daqueles que s\u00e3o criados de maneira independente, \u00e0s custas do pr\u00f3prio artista ou entidades e grupos n\u00e3o convencionais. Como alguns acreditam, a ideia de se fazer um disco independente, n\u00e3o come\u00e7ou com o Antonio Adolfo em seu \u00e1lbum <a href=\"http:\/\/toque-musicall.blogspot.com\/2007\/10\/antonio-adolfo-feito-em-casa-1977.html\">&#8220;Feito em Casa&#8221;<\/a>. Na verdade o dele \u00e9 mais que isso, \u00e9 artesanal. Como temos visto aqui, muito antes dele, outros artistas j\u00e1 articulavam produ\u00e7\u00f5es fora do &#8216;esquem\u00e3o&#8217;. Lembram do <a href=\"http:\/\/toque-musicall.blogspot.com\/search\/label\/Mark%20Morawski\">Mark Morawski<\/a>? Pois \u00e9&#8230; e tem outros&#8230; Tem tamb\u00e9m o baiano mineiro Pedro Nascimento, um nome obscuro no cen\u00e1rio musical brasileiro, principalmente para os dias atuais. N\u00e3o fosse o texto da contracapa, eu tamb\u00e9m estaria perdido sem informa\u00e7\u00f5es, pois pela rede n\u00e3o encontraremos nada a seu respeito (e provavelmente nem em livros). Pedro Nascimento, conforme o texto, n\u00e3o era um desconhecido dos meios art\u00edstico. Foi amigo de Chico Alves, Augusto Calheiros, Mozart Bicalho, Catulo da Paix\u00e3o e muitos outros com quem realizou inesquec\u00edveis (?) noitadas de serestas. Ele nasceu na Bahia, mas viveu na cidade de Te\u00f3filo Otoni, Minas Gerais. Provavelmente, &#8220;Serenata de Amor&#8221; foi o \u00fanico disco que gravou. Nascimento era um violeiro, no sentido daquele que toca viola e viol\u00e3o. Seu estilo \u00e9 bem singular e segundo o mesmo texto, &#8220;totalmente revolucion\u00e1rio no tanger dos bord\u00f5es&#8221;. O \u00e1lbum, um lp de dez polegadas, lan\u00e7ado em 1958, traz oito m\u00fasicas, sendo que apenas o tema natalino &#8220;Noite Feliz&#8221; n\u00e3o \u00e9 de sua autoria. Para os amantes do viol\u00e3o e outras cordas, este pode ser um disco dos mais interessantes. Confiram a raridade exclusiva, que s\u00f3 mesmo o Toque Musical pode oferecer \ud83d\ude09<\/p>\n<div align=\"center\">viva saudade<\/div>\n<div align=\"center\">tire o dedo<\/div>\n<div align=\"center\">oriental<\/div>\n<div align=\"center\">phrin\u00e9a<\/div>\n<div align=\"center\">gostoso<\/div>\n<div align=\"center\">miragem<\/div>\n<div align=\"center\">baile no reinaldinho (na fazenda do reinaldinho)<\/div>\n<div align=\"center\">noite feliz<\/div>\n<div align=\"center\"> <\/div>\n","protected":false},"excerpt":{"rendered":"<p>Boa noite, amigos cultos e ocultos! Hoje \u00e9 uma sexta feira um pouco diferente, principalmente para crist\u00e3os. Eu havia pensado em postar algum disco cujo o tema tivesse a ver com a Semana Santa, mas infelizmente n\u00e3o tive tempo. Na &hellip; <a href=\"https:\/\/www.toque-musicall.com\/?p=889\">Continue lendo <span class=\"meta-nav\">&rarr;<\/span><\/a><\/p>\n","protected":false},"author":1,"featured_media":0,"comment_status":"open","ping_status":"closed","sticky":false,"template":"","format":"standard","meta":{"footnotes":""},"categories":[1195],"tags":[],"class_list":["post-889","post","type-post","status-publish","format-standard","hentry","category-pedro-nascimento"],"_links":{"self":[{"href":"https:\/\/www.toque-musicall.com\/index.php?rest_route=\/wp\/v2\/posts\/889","targetHints":{"allow":["GET"]}}],"collection":[{"href":"https:\/\/www.toque-musicall.com\/index.php?rest_route=\/wp\/v2\/posts"}],"about":[{"href":"https:\/\/www.toque-musicall.com\/index.php?rest_route=\/wp\/v2\/types\/post"}],"author":[{"embeddable":true,"href":"https:\/\/www.toque-musicall.com\/index.php?rest_route=\/wp\/v2\/users\/1"}],"replies":[{"embeddable":true,"href":"https:\/\/www.toque-musicall.com\/index.php?rest_route=%2Fwp%2Fv2%2Fcomments&post=889"}],"version-history":[{"count":0,"href":"https:\/\/www.toque-musicall.com\/index.php?rest_route=\/wp\/v2\/posts\/889\/revisions"}],"wp:attachment":[{"href":"https:\/\/www.toque-musicall.com\/index.php?rest_route=%2Fwp%2Fv2%2Fmedia&parent=889"}],"wp:term":[{"taxonomy":"category","embeddable":true,"href":"https:\/\/www.toque-musicall.com\/index.php?rest_route=%2Fwp%2Fv2%2Fcategories&post=889"},{"taxonomy":"post_tag","embeddable":true,"href":"https:\/\/www.toque-musicall.com\/index.php?rest_route=%2Fwp%2Fv2%2Ftags&post=889"}],"curies":[{"name":"wp","href":"https:\/\/api.w.org\/{rel}","templated":true}]}}