{"id":8891,"date":"2021-10-24T08:09:00","date_gmt":"2021-10-24T11:09:00","guid":{"rendered":"https:\/\/www.toque-musicall.com\/?p=8891"},"modified":"2021-10-26T08:11:31","modified_gmt":"2021-10-26T11:11:31","slug":"a-voz-da-rca-victor-suplemento-julho-de-1959-1959","status":"publish","type":"post","link":"https:\/\/www.toque-musicall.com\/?p=8891","title":{"rendered":"A Voz Da RCA Victor &#8211; Suplemento Julho De 1959 (1959)"},"content":{"rendered":"\n<figure class=\"wp-block-image size-large\"><img decoding=\"async\" src=\"https:\/\/blogger.googleusercontent.com\/img\/a\/AVvXsEg6Bfxuv3-N3EBnqB3oj-u-a4uHBk1vGa1GX_HUVZ0cW37p9DhOl4oAom4THda1azH7Np5slxbFfLp2CoC-PU2y6kh30Ylbth6clq-d1ihUUvfGZ0zSqKhEvIkLw8Y14SJLcaqkvLYd-ZVuu6hDW4H5XxHFYd20TzY1by5upXOffcrn64eramlLZPIURQ=w640-h640\" alt=\"\"\/><\/figure>\n\n\n\n<figure class=\"wp-block-image size-large\"><img decoding=\"async\" src=\"https:\/\/blogger.googleusercontent.com\/img\/a\/AVvXsEin14vPQoRGVUJXx2TjpfgtJBfdUBeVsOC3w0Qg8wNIqBwzzXu8vrUHAdyZo53E08Yj_wu7fg2yasxKL-iMh0EdYdwkRQI0VESwYfNOxHzXSN9_xIv1mhhsnQwFdMp5Ddf31yvwWQxXsu0Di92WTrmvVMA37DXsPJ4pqXv1HMyTeO3J_T2TTQQeslLLbA=w640-h636\" alt=\"\"\/><\/figure>\n\n\n<div class=\"separator\">Ol\u00e1, amigos cultos e ocultos! Eu j\u00e1 estava me esquecendo dos discos dessa s\u00e9rie da RCA Victor. Como disse, iria postar aqui alguns exemplares que tenho. A Voz da RCA Victor eram discos promocionais que a gravadora distribu\u00eda mensalmente e exclusivamente para lojistas e r\u00e1dios, no intuito de divulgarem seus lan\u00e7amentos. E curiosamente, esses discos de 12 polegadas e 33 rpm eram para a divulga\u00e7\u00e3o de lan\u00e7amentos de bolach\u00f5es, discos de 78 rpm e 10 polegadas. Naturalmente, isso acontecia porque aqui no Brasil os tocadiscos ainda eram para esse tipo de rota\u00e7\u00e3o, embora j\u00e1 nos anos 50 come\u00e7assem a aparecer os aparelhos mais modernos para os discos em &#8216;hi-fi&#8217; e at\u00e9 os est\u00e9reos.\u00a0<\/div>\n<div class=\"separator\">Aqui, como podemos ver pela contracapa, temos os lan\u00e7amentos para o m\u00eas de julho de 1959. Esses discos traziam lan\u00e7amentos nacionais e internacionais. Infelizmente, por ser apenas um mostru\u00e1rio, as m\u00fasicas n\u00e3o s\u00e3o apresentadas integralmente. Mesmo assim, vale a curiosidade e a oportunidade de ouvir o lan\u00e7amento de m\u00fasicas que se tornaram sucessos, tanto nacionais quanto internacionais. Vamos conferir?<\/div>\n<div class=\"separator\">\u00a0<\/div>\n<div class=\"separator\">destino do cantor &#8211; ivon curi<\/div>\n<div class=\"separator\">conversa &#8211; lobo bobo &#8211; alaide costa<\/div>\n<div class=\"separator\">tormento &#8211; foi apenas brinquedo &#8211; fernando barreto<\/div>\n<div class=\"separator\">meu amor me deixou &#8211; can\u00e7\u00e3o do mal que faz bem &#8211; nora ney<\/div>\n<div class=\"separator\">minha serenata &#8211; somente teu &#8211; vicente celestino<\/div>\n<div class=\"separator\">prece a lua &#8211; quero saber &#8211; dircinha baptista<\/div>\n<div class=\"separator\">marreco quer agua &#8211; paciente &#8211; pixinguinha<\/div>\n<div class=\"separator\">orgulho &#8211; rua sem luz &#8211; ester de abreu<\/div>\n<div class=\"separator\">recado &#8211; horas vazias &#8211; sonia dutra<\/div>\n<div class=\"separator\">al\u00e9m &#8211; balada triste &#8211; tomoko takara<\/div>\n<div class=\"separator\">vai, mas vai mesmo &#8211; sayonara &#8211; tomoko takara<\/div>\n<div class=\"separator\">i need your love tonight &#8211; a fool such as i &#8211; elvis presley<\/div>\n<div class=\"separator\">where &#8211; la strada del&#8217;amore &#8211; catarina valente<\/div>\n<div class=\"separator\">tomboy &#8211; kiss me and kiss me and kiss me &#8211; perry como e mitchell ayres<\/div>\n<div class=\"separator\">\u00a0<\/div>\n<div class=\"separator\">\u00a0<\/div>\n<div class=\"separator\">.<\/div>\n<div class=\"separator\">\u00a0<\/div>\n<div class=\"separator\">\u00a0<\/div>","protected":false},"excerpt":{"rendered":"<p>Ol\u00e1, amigos cultos e ocultos! Eu j\u00e1 estava me esquecendo dos discos dessa s\u00e9rie da RCA Victor. Como disse, iria postar aqui alguns exemplares que tenho. A Voz da RCA Victor eram discos promocionais que a gravadora distribu\u00eda mensalmente e &hellip; <a href=\"https:\/\/www.toque-musicall.com\/?p=8891\">Continue lendo <span class=\"meta-nav\">&rarr;<\/span><\/a><\/p>\n","protected":false},"author":1,"featured_media":0,"comment_status":"closed","ping_status":"closed","sticky":false,"template":"","format":"standard","meta":{"footnotes":""},"categories":[4771,70],"tags":[4772,3061],"class_list":["post-8891","post","type-post","status-publish","format-standard","hentry","category-a-voz-da-rca-victor","category-selo-rca-victor","tag-a-voz-da-rca-victor","tag-selo-rca-victor"],"_links":{"self":[{"href":"https:\/\/www.toque-musicall.com\/index.php?rest_route=\/wp\/v2\/posts\/8891","targetHints":{"allow":["GET"]}}],"collection":[{"href":"https:\/\/www.toque-musicall.com\/index.php?rest_route=\/wp\/v2\/posts"}],"about":[{"href":"https:\/\/www.toque-musicall.com\/index.php?rest_route=\/wp\/v2\/types\/post"}],"author":[{"embeddable":true,"href":"https:\/\/www.toque-musicall.com\/index.php?rest_route=\/wp\/v2\/users\/1"}],"replies":[{"embeddable":true,"href":"https:\/\/www.toque-musicall.com\/index.php?rest_route=%2Fwp%2Fv2%2Fcomments&post=8891"}],"version-history":[{"count":1,"href":"https:\/\/www.toque-musicall.com\/index.php?rest_route=\/wp\/v2\/posts\/8891\/revisions"}],"predecessor-version":[{"id":8892,"href":"https:\/\/www.toque-musicall.com\/index.php?rest_route=\/wp\/v2\/posts\/8891\/revisions\/8892"}],"wp:attachment":[{"href":"https:\/\/www.toque-musicall.com\/index.php?rest_route=%2Fwp%2Fv2%2Fmedia&parent=8891"}],"wp:term":[{"taxonomy":"category","embeddable":true,"href":"https:\/\/www.toque-musicall.com\/index.php?rest_route=%2Fwp%2Fv2%2Fcategories&post=8891"},{"taxonomy":"post_tag","embeddable":true,"href":"https:\/\/www.toque-musicall.com\/index.php?rest_route=%2Fwp%2Fv2%2Ftags&post=8891"}],"curies":[{"name":"wp","href":"https:\/\/api.w.org\/{rel}","templated":true}]}}